{"id":5693,"date":"2011-02-19T16:19:24","date_gmt":"2011-02-19T19:19:24","guid":{"rendered":"http:\/\/comorinemuritoare.ro\/bLOGOS\/?p=5693"},"modified":"2011-02-19T16:21:43","modified_gmt":"2011-02-19T19:21:43","slug":"mai-tot-alerg-iisuse","status":"publish","type":"post","link":"https:\/\/comorinemuritoare.ro\/bLOGOS\/mai-tot-alerg-iisuse\/","title":{"rendered":"Mai tot alerg, Iisuse"},"content":{"rendered":"<p><em><strong>Iosif Gheorghi\u0163\u0103<\/strong><\/em><\/p>\n<p>Mai tot alerg, Iisuse, c\u0103r\u0103ri cu umblet sf\u00e2nt,<br \/>\neroii Oastei Tale m\u0103-ndeamn\u0103 spre Nainte.<br \/>\nChiar dac\u0103 mul\u0163i \u00een juru-mi gr\u0103besc \u201epacificarea\u201c,<br \/>\neu las \u00een urma zarva mul\u0163imii f\u0103r\u0103 minte.<\/p>\n<p>\u015ei mai tot str\u00e2ng, Iisuse, pu\u0163inul har r\u0103mas<br \/>\ndin crinii rari ai toamnei ursuze \u015fi ce\u0163oase,<br \/>\nn-a\u015f vrea s\u0103 uit frumse\u0163ea str\u00e2nsurii de-alt\u0103 dat\u0103<br \/>\nc\u00e2nd culegeam \u00een stoguri rodirile frumoase.<\/p>\n<p>\u015ei mai tot c\u00e2nt, Iisuse, c\u00e2ntarea Ta cu drag,<br \/>\nchiar dac\u0103 n-am cu cine, mi-o-ng\u00e2n \u00een orice sear\u0103,<br \/>\nn-a\u015f vrea s\u0103 uit fiorul \u015fi lacrima din ea<br \/>\nIisuse, pentru tine, eu nu mi-o las s\u0103 moar\u0103.<\/p>\n<p>\u015ei mai tot lupt, Iisuse, chiar dac\u0103-i \u015fi mai greu<br \/>\n\u015ei tot mai singur spada o-ntorc spre biruin\u0163\u0103,<br \/>\nn-a\u015f vrea s\u0103 uit sc\u00e2nteia suprem\u0103-a bucuriei;<br \/>\nc\u00e2nd steag n\u0103l\u0163ai pe zarea-mi arz\u00e2nd \u00een suferin\u0163\u0103<\/p>\n<p>\u015ei mai tot singur ast\u0103zi eu sui poteci pustii,<br \/>\nPl\u00e2ng\u00e2nd, privesc cum \u201efratii\u201c gr\u0103besc spre alte vise,<br \/>\nTe rog, Iisuse Dulce, f\u0103 s\u0103 nu-mi pierd seninul,<br \/>\nC\u00e2nd voi sosi Acas\u0103, f\u0103-mi por\u0163ile deschise.<\/p>\n","protected":false},"excerpt":{"rendered":"<p>Iosif Gheorghi\u0163\u0103 Mai tot alerg, Iisuse, c\u0103r\u0103ri cu umblet sf\u00e2nt, eroii Oastei Tale m\u0103-ndeamn\u0103 spre Nainte. Chiar dac\u0103 mul\u0163i \u00een juru-mi gr\u0103besc \u201epacificarea\u201c, eu las \u00een urma zarva mul\u0163imii f\u0103r\u0103 minte. \u015ei mai tot str\u00e2ng, Iisuse, pu\u0163inul har r\u0103mas din crinii rari ai toamnei ursuze \u015fi ce\u0163oase, n-a\u015f vrea s\u0103 uit frumse\u0163ea str\u00e2nsurii de-alt\u0103 dat\u0103&nbsp;<\/p>\n<p><a class=\"btn btn-style\" href=\"https:\/\/comorinemuritoare.ro\/bLOGOS\/mai-tot-alerg-iisuse\/\">Continue Reading&#8230;<\/a><\/p>\n","protected":false},"author":1,"featured_media":0,"comment_status":"open","ping_status":"open","sticky":false,"template":"","format":"standard","meta":{"footnotes":""},"categories":[4],"tags":[],"class_list":["post-5693","post","type-post","status-publish","format-standard","hentry","category-poezii"],"_links":{"self":[{"href":"https:\/\/comorinemuritoare.ro\/bLOGOS\/wp-json\/wp\/v2\/posts\/5693","targetHints":{"allow":["GET"]}}],"collection":[{"href":"https:\/\/comorinemuritoare.ro\/bLOGOS\/wp-json\/wp\/v2\/posts"}],"about":[{"href":"https:\/\/comorinemuritoare.ro\/bLOGOS\/wp-json\/wp\/v2\/types\/post"}],"author":[{"embeddable":true,"href":"https:\/\/comorinemuritoare.ro\/bLOGOS\/wp-json\/wp\/v2\/users\/1"}],"replies":[{"embeddable":true,"href":"https:\/\/comorinemuritoare.ro\/bLOGOS\/wp-json\/wp\/v2\/comments?post=5693"}],"version-history":[{"count":0,"href":"https:\/\/comorinemuritoare.ro\/bLOGOS\/wp-json\/wp\/v2\/posts\/5693\/revisions"}],"wp:attachment":[{"href":"https:\/\/comorinemuritoare.ro\/bLOGOS\/wp-json\/wp\/v2\/media?parent=5693"}],"wp:term":[{"taxonomy":"category","embeddable":true,"href":"https:\/\/comorinemuritoare.ro\/bLOGOS\/wp-json\/wp\/v2\/categories?post=5693"},{"taxonomy":"post_tag","embeddable":true,"href":"https:\/\/comorinemuritoare.ro\/bLOGOS\/wp-json\/wp\/v2\/tags?post=5693"}],"curies":[{"name":"wp","href":"https:\/\/api.w.org\/{rel}","templated":true}]}}