{"id":581,"date":"2017-12-06T13:29:55","date_gmt":"2017-12-06T16:29:55","guid":{"rendered":"http:\/\/comorinemuritoare.ro\/bLOGOS\/?p=581"},"modified":"2017-12-07T12:47:55","modified_gmt":"2017-12-07T15:47:55","slug":"sfanta-mucenita-filofteia","status":"publish","type":"post","link":"https:\/\/comorinemuritoare.ro\/bLOGOS\/sfanta-mucenita-filofteia\/","title":{"rendered":"Sf\u00e2nta Muceni\u0163\u0103 Filofteia"},"content":{"rendered":"<p><img loading=\"lazy\" decoding=\"async\" class=\"alignright size-full wp-image-584\" title=\"Sf-Filofteia-1\" src=\"http:\/\/comorinemuritoare.ro\/bLOGOS\/wp-content\/uploads\/2009\/12\/Sf-Filofteia-1.jpg\" alt=\"Sf-Filofteia-1\" width=\"198\" height=\"500\" \/><\/p>\n<p>\u00cen calendarul sfin\u0163eniei cre\u015ftine, la 7 decembrie, este pomenit\u0103 Sf\u00e2nta Muceni\u0163\u0103 Filofteia, ale c\u0103rei moa\u015fte se g\u0103sesc de \u015fapte veacuri la Curtea de Arge\u015f. Dup\u0103 anumite \u015ftiri privitoare la via\u0163a ei, afl\u0103m c\u0103 s-a n\u0103scut pe la \u00eenceputul veacului al XIII-lea \u00een ora\u015ful T\u00e2rnovo, care pe atunci era capitala \u201eimperiului romano-bulgar\u201c \u00eentemeiat \u015fi condus o vreme de fra\u0163ii Petru \u015fi Asan, rom\u00e2ni de neam. I s-a dat din botez numele Filofteia, care \u00een grece\u015fte \u00eenseamn\u0103 \u201eiubitoarea de Dumnezeu\u201c, lucru pe care \u00eel va dovedi cu fapta \u00een cursul scurtei sale vie\u0163i p\u0103m\u00e2nte\u015fti. Se spune c\u0103 \u015fi mama viitoarei sfinte era rom\u00e2nc\u0103 de neam din sudul Dun\u0103rii \u015fi o femeie foarte evlavioas\u0103. De la ea a deprins prunca Filofteia dragostea de Dumnezeu \u015fi de aproapele, faptele de milostenie, rug\u0103ciunile \u015fi postul \u015fi alte virtu\u0163i care trebuie s\u0103 \u00eempodobeasc\u0103 sufletul unui adev\u0103rat cre\u015ftin. Fiind copil\u0103 \u00eenc\u0103, Dumnezeu a chemat la Sine pe vrednica sa mam\u0103, r\u0103m\u00e2n\u00e2nd astfel orfan\u0103. Cu \u00eencredere \u00een Dumnezeu, a r\u0103mas \u00een casa p\u0103rinteasc\u0103, respect\u00e2nd toate cele ce \u00eenv\u0103\u0163ase de la mama ei, tr\u0103ind mai mult pentru Hristos \u015fi pentru cei afla\u0163i \u00een suferin\u0163\u0103.<\/p>\n<p>Dar dup\u0103 o vreme, tat\u0103l ei s-a rec\u0103s\u0103torit, lu\u00e2ndu-\u015fi o femeie cu o via\u0163\u0103 cu totul diferit\u0103 de cea a primei sale so\u0163ii. Era firesc atunci ca aceasta femeie s\u0103 n-o iubeasc\u0103 pe Filofteia, obisnuit\u0103 cu rug\u0103ciunea, cu postul \u015fi cu mila fa\u0163\u0103 de aproapele. Drept aceea, s-a pornit cu mult\u0103 ur\u0103 \u00eempotriva acesteia, mai ales c\u00e2nd se ducea la biseric\u0103 sau c\u00e2nd se ruga \u015fi f\u0103cea fapte de milostenie. \u00cen acela\u015fi timp, c\u0103uta s\u0103 \u00eent\u0103r\u00e2te \u015fi pe tat\u0103l bl\u00e2ndei copile \u00eempotriva ei. Dar toate vorbele de ocar\u0103, b\u0103t\u0103ile \u015fi muncile la care o punea tat\u0103l \u015fi mai ales mama ei vitreg\u0103, n-au putut s-o abat\u0103 de la virtu\u0163ile care \u00eei \u00eempodobeau sufetul, mai ales de la faptele milosteniei. \u00cen inima ei se \u00eentip\u0103riser\u0103 cuvintele M\u00e2ntuitorului: <em>\u201eFerici\u0163i cei milostivi, c\u0103 aceia se vor milui\u201c (Matei 5, 7), dar mai ales cuvintele pe care le va spune El la dreapta judecat\u0103: \u201eVeni\u0163i, binecuv\u00e2nta\u0163ii Tat\u0103lui Meu \u015fi mo\u015fteni\u0163i \u00cemp\u0103r\u0103\u0163ia cea preg\u0103tit\u0103 vou\u0103 de la \u00eentemeierea lumii. C\u0103ci fl\u0103m\u00e2nd am fost \u015fi Mi-a\u0163i dat s\u0103 m\u0103n\u00e2nc, \u00eensetat am fost \u015fi Mi-a\u0163i dat s\u0103 beau, str\u0103in am fost \u015fi M-a\u0163i primit, gol am fost \u015fi M-a\u0163i \u00eembr\u0103cat, bolnav am fost \u015fi M-a\u0163i cercetat, \u00een temni\u0163\u0103 am fost \u015fi a\u0163i venit la Mine\u201c (Matei 25, 34-36).<!--more--><\/em><\/p>\n<p>\u00centre altele, de multe ori, c\u00e2nd ducea m\u00e2ncare tat\u0103lui ei la c\u00e2mp, o parte din ea o d\u0103dea unor oameni s\u0103raci. \u00centr-una din zile, pe cand avea 12 ani, tat\u0103l a urm\u0103rit-o ca s\u0103 vad\u0103 ce face cu m\u00e2ncarea pe care trebuia s\u0103 i-o aduc\u0103 la c\u00e2mp. \u00cencredin\u0163\u00e2ndu-se ca o d\u0103dea celor lipsi\u0163i, s-a \u00eenfuriat at\u00e2t de tare, \u00eenc\u00e2t a scos securea pe care o purta la br\u00e2u \u015fi a aruncat-o asupra fetei. A r\u0103nit-o grav la un picior, \u00eenc\u00e2t dup\u0103 pu\u0163in\u0103 vreme \u015fi-a dat sufletul \u00een m\u00e2na Ziditorului a toat\u0103 f\u0103ptura.<\/p>\n<p>Nevrednicul tat\u0103, \u00eensp\u0103im\u00e2ntat de uciderea propriei sale copile, a \u00eencercat s\u0103-i ridice trupul spre a-l \u00eenmorm\u00e2nta. Dar Dumnezeu a \u00eengreuiat \u00een a\u015fa fel cinstitul ei trup, \u00eenc\u00e2t nici tat\u0103l uciga\u015f, nici al\u0163i oameni n-au putut s\u0103-l ridice. \u00cengrozit, a alergat la arhiepiscopul cet\u0103\u0163ii T\u00e2rnovo, istorisindu-i toate cele \u00eent\u00e2mplate. Acesta, \u00eempreun\u0103 cu mai marii cet\u0103\u0163ii, cu preo\u0163i, c\u0103lug\u0103ri \u015fi mul\u0163ime de credincio\u015fi, s-au \u00eendreptat spre locul \u00een care se afl\u0103 trupul ne\u00eensufle\u0163it al tinerei Filofteia. To\u0163i s-au \u00eencredin\u0163at c\u0103 erau \u00een fa\u0163a unei minuni dumnezeie\u015fti. Ierarhii \u015fi preo\u0163ii afla\u0163i acolo, au s\u0103v\u00e2r\u015fit slujba prohodirii ei, dup\u0103 care au \u00eencercat s\u0103-i ridice cinstitul trup, spre a-l duce \u00een catedrala arhiepiscopal\u0103 din T\u00e2rnovo. Nici de data aceasta cinstitul ei trup n-a putut fi ridicat. Au \u00een\u0163eles c\u0103 Filofteia putea fi socotit\u0103 acum ca o adev\u0103rat\u0103 muceni\u0163\u0103 a lui Hristos \u015fi c\u0103 ea \u00eens\u0103\u015fi nu voia s\u0103 fie dus\u0103 \u00een cetatea T\u00e2rnovo. Sinaxarul ei arat\u0103 c\u0103 sfin\u0163ii slujitori au \u00eenceput s\u0103 spun\u0103 numele unor ora\u015fe, biserici \u015fi m\u0103n\u0103stiri din dreapta \u015fi st\u00e2nga Dun\u0103rii, spre a vedea dac\u0103 nu se u\u015fureaza trupul sfintei la rostirea vreunuia din ele. C\u00e2nd s-a rostit numele ora\u015fului Curtea de Arge\u015f, deodat\u0103 trupul s-a u\u015furat \u015fi a putut s\u0103 fie ridicat. A fost \u00een\u015ftiin\u0163at de \u00eendat\u0103 domnitorul rom\u00e2n de la Arge\u015f de dorin\u0163a Sfintei Filofteia, ca cinstitul ei trup sa fie adus \u00een \u0163ara sa. A fost \u00eent\u00e2mpinat la Dun\u0103re de domnitor, ierarhi, preo\u0163i, c\u0103lug\u0103ri \u015fi credincio\u015fi, cu rug\u0103ciuni, c\u00e2nt\u0103ri duhovnice\u015fti, lum\u00e2n\u0103ri \u015fi t\u0103m\u00e2ie. Sicriul cu trupul ei a fost dus apoi la Curtea de Arge\u015f.<\/p>\n<p>Adev\u0103rul este c\u0103 moa\u015ftele ei au r\u0103mas la T\u00e2rnovo \u015fi au fost aduse \u00een \u0162ara Rom\u00e2neasc\u0103 numai dup\u0103 anul 1393, c\u00e2nd \u0163aratul bulgar de la T\u00e2rnovo a fost ocupat de turci. Se pare c\u0103 de aici au fost duse pentru scurt timp la Vidin, probabil p\u00e2n\u0103 \u00een 1396. Pentru a nu fi profanate, au fost oferite domnitorului Mircea cel B\u0103tr\u00e2n (1386-1418), care le-a a\u015fezat \u00een Biserica Sf\u00e2ntul Nicolae (domneasc\u0103) din Curtea de Arge\u015f, pe atunci catedral\u0103 mitropolitan\u0103, ctitorie a domnitorilor Basarab I \u00centemeietorul \u015fi Nicolae Alexandru, fiul s\u0103u.<\/p>\n<p>Moa\u015ftele Sfintei au r\u0103mas acolo p\u00e2n\u0103 \u00een 1893, c\u00e2nd \u2013 datorit\u0103 st\u0103rii de degradare \u00een care a ajuns biserica \u2013 au fost mutate \u00een Biserica Sfantul Gheorghe, apoi \u00een Biserica Adormirea Maicii Domnului-Olari, din aceea\u015fi localitate. \u00cen timpul primului r\u0103zboi mondial, c\u00e2nd o bun\u0103 parte din \u0163ar\u0103 era ocupat\u0103 de trupe str\u0103ine \u2013 au fost duse \u00een paraclisul m\u0103n\u0103stirii Antim din Bucure\u015fti. Dup\u0103 \u00eencheierea r\u0103zboiului au fost readuse la Curtea de Arge\u015f, dar de data aceasta \u00een m\u0103rea\u0163a biseric\u0103 ctitorit\u0103 de Neagoe Vod\u0103 Basarab. Din 1949 au fost mutate \u00een paraclisul din \u00eencinta acestei biserici, unde se g\u0103sesc \u015fi azi.<\/p>\n<p>\u00cen felul acesta, Sf\u00e2nta Filofteia a devenit o adev\u0103rat\u0103 ocrotitoare a \u0162\u0103rii Rom\u00e2ne\u015fti. Moa\u015ftele ei sunt venerate at\u00e2t de credincio\u015fii din partea locului c\u00e2t \u015fi de al\u0163i cre\u015ftini, din alte zone ale \u0163\u0103rii, care \u00ee\u015fi \u00eendreapt\u0103 pa\u015fii spre prima capital\u0103 a \u0162\u0103rii Rom\u00e2ne\u015fti. \u00cen mai multe r\u00e2nduri s-au f\u0103cut procesiuni \u00een \u0163ar\u0103 cu sfintele ei moa\u015fte, mai ales \u00een vreme de secet\u0103. De la aducerea moa\u015ftelor sale \u00een \u0163ar\u0103 \u015fi p\u00e2n\u0103 azi, \u00een numeroase biserici s-au zugr\u0103vit fie chipul ei, fie scene din via\u0163a ei (ca \u00een bisericile Dobroteasa \u015fi Sf\u00e2ntul Gheorghe din Bucure\u015fti, Sf\u00e2nta Filofteia \u015fi Sf\u00e2nta Vineri din Ploie\u015fti, Adormirea Maicii Domnului din Mizil \u015fi altele). Icoane cu chipul s\u0103u \u00eempodobesc casele credincio\u015filor. Unii p\u0103rin\u0163i dau numele Filofteia fiicelor lor la botez, iar unele credincioase care iau \u00eengerescul chip al c\u0103lug\u0103riei, de asemenea poart\u0103 acest nume. Pomenirea ei cu laud\u0103 se face \u00een fiecare an \u00een ziua de 7 decembrie. A fost aleas\u0103 aceasta zi ca dat\u0103 de praznuire, \u00eendat\u0103 dup\u0103 ziua Sf\u00e2ntului Nicolae, \u00eentrucat moa\u015ftele ei au stat secole \u00een \u015fir \u00een biserica domneasc\u0103 din Curtea de Arge\u015f, care are hramul Sf\u00e2ntului Nicolae, deci la 6 decembrie. Viata Sfintei Filofteia este trecuta \u00een Mineiul pe decembrie \u015fi \u00een Vie\u0163ile de sfin\u0163i pe aceasta lun\u0103, tip\u0103rite la noi \u00een \u0163ar\u0103, iar \u00eensemn\u0103rile de c\u0103l\u0103torie ale unor str\u0103ini care au trecut prin Curtea de Arges men\u0163ioneaz\u0103 prezen\u0163a moa\u015ftelor ei \u00een acest ora\u015f, precum \u015fi cinstirea de care se bucur\u0103 din partea credincio\u015filor rom\u00e2ni.<\/p>\n<p>La 28 februarie 1950, Sf\u00e2ntul Sinod al Bisericii noastre a hot\u0103r\u00e2t generalizarea cultului unor sfin\u0163i ale c\u0103ror moa\u015fte se g\u0103sesc \u00een \u0163ara noastra, \u00eentre care \u015fi Sf\u00e2nta Filofteia de la Arge\u015f. Slujba special\u0103 \u00eenchinat\u0103 acestei generalizari a avut loc \u00een ocotombrie 1955, la Curtea de Arge\u015f, \u00een prezen\u0163a patriarhului Justinian Marina \u015fi a numero\u015fi ierarhi rom\u00e2ni \u015fi str\u0103ini, invita\u0163i acolo, precum \u015fi a numero\u015fi clerici \u015fi credincio\u015fi. S\u0103 cinstim \u015fi noi prin c\u00e2nt\u0103ri duhovnice\u015fti pe aceast\u0103 sf\u00e2nt\u0103 ocrotitoare a \u0162\u0103rii Rom\u00e2ne\u015fti, zic\u00e2nd:<\/p>\n<p><em>L\u0103ud\u0103m nevoin\u0163ele tale, Filofteiei fecioara, cinstim patimile, m\u0103rim \u00eendelung\u0103-r\u0103bdarea ta, fericim sf\u00e2ntul t\u0103u sfar\u015fit, c\u00e2nt\u0103m b\u0103rb\u0103\u0163ia ta cea ne\u00eenvins\u0103 ce s-a ar\u0103tat \u00een trupul t\u0103u cel tinerel \u015fi crud; \u015fi privind toate ostenelile vie\u0163ii tale care te-au pream\u0103rit pe p\u0103m\u00e2nt \u015fi \u00een cer, unde acum locuie\u015fti, te rug\u0103m f\u0103 pomenire \u015fi de noi, cei ce alerg\u0103m la racla sfintelor tale moa\u015fte, ca izb\u0103vindu-ne de toat\u0103 nevoia \u015fi \u00eemp\u0103r\u0103\u0163iei cerurilor f\u0103c\u00e2ndu-ne p\u0103rta\u015fi, s\u0103 te l\u0103ud\u0103m pe tine, gr\u0103ind unele ca acestea:<\/em><\/p>\n<p><em>Bucur\u0103-te, cea din ceruri d\u0103ruit\u0103 rom\u00e2nilor;<br \/>\nBucur\u0103-te, c\u0103 acum locuie\u015fti la \u00een\u0103l\u0163ime;<br \/>\nBucur\u0103-te, c\u0103 stai ve\u015fnic \u00eentre cetele m\u0103rite;<br \/>\nBucur\u0103-te, c\u0103 prin tine Domnul mil\u0103 ne trimite;<br \/>\nBucur\u0103-te c\u0103-\u0163i ascult\u0103 rugile pentru tot omul;<br \/>\nBucur\u0103-te, c\u0103 e\u015fti nou\u0103 ajutor \u00eentru primejdii;<br \/>\nBucur\u0103-te, c\u0103 pe tine te avem st\u00e2lp al n\u0103dejdii;<br \/>\nBucur\u0103-te, Filofteie, fecioar\u0103 preal\u0103udat\u0103!\u201d<\/em><\/p>\n<p>(Din Acatistul Sfintei Filofteia, icosul 12).<\/p>\n<p style=\"text-align: right;\"><span lang=\"RO\"><strong>Pr. Prof. Dr. Mircea Pacurariu<\/strong><\/span><\/p>\n<p><a href=\"http:\/\/www.crestinortodox.ro\/vietile-sfintilor\/73045-sfanta-filofteia\">http:\/\/www.crestinortodox.ro\/vietile-sfintilor\/73045-sfanta-filofteia<\/a><\/p>\n","protected":false},"excerpt":{"rendered":"<p>\u00cen calendarul sfin\u0163eniei cre\u015ftine, la 7 decembrie, este pomenit\u0103 Sf\u00e2nta Muceni\u0163\u0103 Filofteia, ale c\u0103rei moa\u015fte se g\u0103sesc de \u015fapte veacuri la Curtea de Arge\u015f. Dup\u0103 anumite \u015ftiri privitoare la via\u0163a ei, afl\u0103m c\u0103 s-a n\u0103scut pe la \u00eenceputul veacului al XIII-lea \u00een ora\u015ful T\u00e2rnovo, care pe atunci era capitala \u201eimperiului romano-bulgar\u201c \u00eentemeiat \u015fi condus o&nbsp;<\/p>\n<p><a class=\"btn btn-style\" href=\"https:\/\/comorinemuritoare.ro\/bLOGOS\/sfanta-mucenita-filofteia\/\">Continue Reading&#8230;<\/a><\/p>\n","protected":false},"author":1,"featured_media":0,"comment_status":"open","ping_status":"open","sticky":false,"template":"","format":"standard","meta":{"footnotes":""},"categories":[17],"tags":[],"class_list":["post-581","post","type-post","status-publish","format-standard","hentry","category-patericale"],"_links":{"self":[{"href":"https:\/\/comorinemuritoare.ro\/bLOGOS\/wp-json\/wp\/v2\/posts\/581","targetHints":{"allow":["GET"]}}],"collection":[{"href":"https:\/\/comorinemuritoare.ro\/bLOGOS\/wp-json\/wp\/v2\/posts"}],"about":[{"href":"https:\/\/comorinemuritoare.ro\/bLOGOS\/wp-json\/wp\/v2\/types\/post"}],"author":[{"embeddable":true,"href":"https:\/\/comorinemuritoare.ro\/bLOGOS\/wp-json\/wp\/v2\/users\/1"}],"replies":[{"embeddable":true,"href":"https:\/\/comorinemuritoare.ro\/bLOGOS\/wp-json\/wp\/v2\/comments?post=581"}],"version-history":[{"count":0,"href":"https:\/\/comorinemuritoare.ro\/bLOGOS\/wp-json\/wp\/v2\/posts\/581\/revisions"}],"wp:attachment":[{"href":"https:\/\/comorinemuritoare.ro\/bLOGOS\/wp-json\/wp\/v2\/media?parent=581"}],"wp:term":[{"taxonomy":"category","embeddable":true,"href":"https:\/\/comorinemuritoare.ro\/bLOGOS\/wp-json\/wp\/v2\/categories?post=581"},{"taxonomy":"post_tag","embeddable":true,"href":"https:\/\/comorinemuritoare.ro\/bLOGOS\/wp-json\/wp\/v2\/tags?post=581"}],"curies":[{"name":"wp","href":"https:\/\/api.w.org\/{rel}","templated":true}]}}