{"id":5872,"date":"2013-03-06T07:46:29","date_gmt":"2013-03-06T10:46:29","guid":{"rendered":"http:\/\/comorinemuritoare.ro\/bLOGOS\/?p=5872"},"modified":"2013-03-06T08:26:42","modified_gmt":"2013-03-06T11:26:42","slug":"pavel-dragomir-din-mehadia-%e2%80%93-timis","status":"publish","type":"post","link":"https:\/\/comorinemuritoare.ro\/bLOGOS\/pavel-dragomir-din-mehadia-%e2%80%93-timis\/","title":{"rendered":"Pavel Dragomir din Mehadia \u2013 Timi\u015f"},"content":{"rendered":"<p style=\"padding-left: 90px; text-align: justify;\"><em><span style=\"color: #0000ff;\">\u00cen noaptea de <strong>6 martie 1982<\/strong>, presim\u0163ind c\u0103 i se apropie sf\u00e2r\u015fitul, s-a ridicat de pe patul lui de boal\u0103, \u015fi a luat lum\u00e2n\u0103rile preg\u0103tite pentru moarte, a trecut \u00een camera fetei lui, Maria, a trezit-o din somn \u015fi i-a cerut s\u0103-i aprind\u0103 lum\u00e2n\u0103rile, c\u0103ci \u00eengerul Domnului a venit dup\u0103 el ca s\u0103 plece. Apoi s-a rugat c\u00e2teva clipe Domnului, dup\u0103 care s-a a\u015fezat pe pat, a mai respirat de c\u00e2teva ori, apoi a trecut fericit \u015fi senin \u00een bra\u0163ele Domnului Iisus, pe Care L-a iubit \u015fi L-a slujit din tot sufletul s\u0103u p\u00e2n\u0103 la cap\u0103t.<\/span><\/em><\/p>\n<p style=\"text-align: justify;\"><a href=\"http:\/\/comorinemuritoare.ro\/bLOGOS\/wp-content\/uploads\/2011\/03\/Pavel-Dragomir.jpg\"><img loading=\"lazy\" decoding=\"async\" class=\"alignright size-full wp-image-5873\" title=\"Pavel Dragomir\" alt=\"\" src=\"http:\/\/comorinemuritoare.ro\/bLOGOS\/wp-content\/uploads\/2011\/03\/Pavel-Dragomir.jpg\" width=\"226\" height=\"322\" srcset=\"https:\/\/comorinemuritoare.ro\/bLOGOS\/wp-content\/uploads\/2011\/03\/Pavel-Dragomir.jpg 454w, https:\/\/comorinemuritoare.ro\/bLOGOS\/wp-content\/uploads\/2011\/03\/Pavel-Dragomir-210x300.jpg 210w\" sizes=\"auto, (max-width: 226px) 100vw, 226px\" \/><\/a>Fratele Pavel Dragomir s-a n\u0103scut \u00een 11 august 1905, \u00een satul Tufari de l\u00e2ng\u0103 Or\u015fova, jude\u0163ul Mehedin\u0163i, din p\u0103rin\u0163i muncitori s\u0103raci, av\u00e2nd \u00eenc\u0103 doi fra\u0163i \u015fi o sor\u0103. P\u0103rin\u0163ii erau aproape total necredincio\u015fi, tat\u0103l, mai ales, era p\u0103tima\u015f be\u0163iv \u015fi juc\u0103tor de c\u0103r\u0163i. Astfel el n-a avut de la cine s\u0103 primeasc\u0103 nici o cre\u015ftere cre\u015ftineasc\u0103.<br \/>\nLa v\u00e2rsta de 18 ani s-a \u00eemboln\u0103vit de tifos \u015fi a z\u0103cut mult\u0103 vreme f\u0103r\u0103 nici o n\u0103dejde. Mama sa, av\u00e2nd totu\u015fi pu\u0163in\u0103 credin\u0163\u0103 \u015fi \u0163in\u00e2nd mult la el, a \u00eenceput s\u0103 posteasc\u0103 \u015fi s\u0103 se roage Domnului Iisus \u015fi Maicii Domnului pentru salvarea lui.<br \/>\n\u00cen ziua de 15 august, s\u0103rb\u0103toarea Maicii Domnului, t\u00e2n\u0103rul Pavel a avut o viziune: o femeie \u00eembr\u0103cat\u0103 \u00een alb s-a pogor\u00e2t din v\u0103zduh \u015fi a f\u0103cut asupra patului s\u0103u semnul Crucii, apoi i-a z\u00e2mbit cu bun\u0103tate \u015fi a disp\u0103rut. \u00cen acel ceas, bolnavul a strigat-o pe mama lui, i-a povestit minunea, apoi s-a ridicat din pat \u015fi s-a plecat la rug\u0103ciune \u00eempreun\u0103 cu mama lui, fiind vindecat.<br \/>\nS-a c\u0103s\u0103torit \u00een februarie 1934, \u00een Mehadia, cu so\u0163ia sa Anca, fat\u0103 dintr-o familie de oameni credincio\u015fi. Aceasta l-a ajutat foarte mult, \u00eendemn\u00e2ndu-l pe calea credin\u0163ei, deoarece el \u00eenc\u0103 era atras spre p\u0103catul tr\u0103irii lume\u015fti.<br \/>\n\u00cen timpul r\u0103zboiului, \u00eenainte de a pleca pe front, Domnul l-a mai cercetat o dat\u0103 puternic, printr-o alt\u0103 salvare minunat\u0103. Lucr\u00e2nd \u00een s\u0103rb\u0103tori la c\u0103ratul lemnelor de la p\u0103dure, s-a r\u0103sturnat o dat\u0103 cu el vagonul \u00eenc\u0103rcat cu lemne. Pavel \u015fi so\u0163ia lui au c\u0103zut \u00een ap\u0103, iar lemnele s-au r\u0103sturnat peste ei. Numai Domnul i-a sc\u0103pat de la o moarte sigur\u0103, dar am\u00e2ndoi s-au ales cu fracturi \u015fi schilodiri. Aceasta i-a \u00eenv\u0103\u0163at s\u0103 nu mai lucreze \u00een s\u0103rb\u0103tori \u015fi s\u0103 nu mai calce Cuv\u00e2ntul lui Dumnezeu.<!--more--><br \/>\nPe front, un soldat i-a dat Biblia lui, spun\u00e2nd:<br \/>\n\u2013 Ia tu Biblia asta, cite\u015fte \u00een ea \u015fi sluje\u015fte-I lui Dumnezeu. E Biblia mea, dar eu nu mai sunt vrednic de ea, pentru c\u0103 am apucat pe c\u0103ile cele rele, dar tu ai apucat pe drumul cel bun \u015fi tu e\u015fti vrednic s\u0103 o ai.<br \/>\nAstfel fratele Pavel a f\u0103cut cuno\u015ftin\u0163\u0103 cu Cartea Domnului, Biblia, a citit \u00een ea \u015fi astfel a ajuns s\u0103 p\u0103r\u0103seasc\u0103 orice r\u0103u \u015fi s\u0103 doreasc\u0103 tot mai mult dup\u0103 Domnul.<br \/>\n\u00centors de pe front, era nelipsit de la biseric\u0103, \u00eempreun\u0103 cu so\u0163ia sa \u015fi cu cele dou\u0103 feti\u0163e ale lor. \u00cen cur\u00e2nd, afl\u00e2ndu-se la lucru \u00een comuna Marga din jude\u0163ul Severin, unde era o puternic\u0103 adunare a Oastei Domnului, s-a predat acolo pe deplin Domnului Iisus, pun\u00e2nd frumosul leg\u0103m\u00e2nt de osta\u015f al Lui \u00een anul 1964.<br \/>\n\u00cendat\u0103 dup\u0103 hot\u0103r\u00e2rea sa pentru Domnul, fratele Pavel a \u00eenceput s\u0103 lucreze \u015fi \u00een satul s\u0103u, Mehadia, adun\u00e2nd \u00een casa lui vecinii, prietenii, rudeniile \u015fi s\u0103tenii, pentru a le citi \u015fi vorbi din Biblie, a se ruga \u015fi c\u00e2nta Domnului. So\u0163ia sa \u015fi unul dintre fra\u0163ii s\u0103i l-au \u00een\u0163eles \u015fi l-au ajutat mult \u00een lucrul Domnului. Dar una dintre feti\u0163ele sale n-a vrut s\u0103-l asculte \u015fi nici s\u0103-l urmeze \u00een credin\u0163\u0103.<br \/>\nPreotul satului, la \u00eenceput, a fost \u00eempotriva adun\u0103rii Oastei Domnului \u015fi a fratelui Pavel. Dar mai pe urm\u0103, cucerit de purt\u0103rile frumoase ale fra\u0163ilor, a devenit binevoitor, \u00eeng\u0103duind adun\u0103rile Oastei \u00een biseric\u0103 \u015fi lu\u00e2nd \u015fi el parte cu bucurie la ele.<br \/>\n\u00cen 20 iulie 1955, fratele Pavel i-a invitat pe fra\u0163ii din jur la o mare adunare a Oastei Domnului \u00een Meha\u00acdia. A fost prima adunare duhovniceasc\u0103 acolo. Au luat parte mul\u0163i fra\u0163i, iar aceasta a avut un mare r\u0103sunet \u00eentre to\u0163i locuitorii comunei. Cu acest prilej au venit multe suflete \u015fi s-au predat Domnului, \u00eentr\u00e2nd \u00een Oastea Domnului Iisus.<br \/>\n\u00cen anul 1959, c\u00e2nd au venit marile prigoane \u015fi arest\u0103ri, fratele Pavel a fost luat \u015fi el \u015fi dus la \u00eenchisoarea din Timi\u015foara, dat \u00een judecat\u0103 \u015fi condamnat la 10 ani munc\u0103 silnic\u0103. \u00cen tot timpul anchetei \u015fi procesului a avut o atitudine demn\u0103.<br \/>\n\u00cen \u00eenchisoare, tot timpul celor 5 ani, peste tot pe unde a fost, fratele Pavel a avut o comportare plin\u0103 de bl\u00e2nde\u0163e, de credincio\u015fie \u015fi o dovad\u0103 de frate adev\u0103rat \u015fi statornic, at\u00e2t fa\u0163\u0103 de fra\u0163ii s\u0103i osta\u015fi ai Domnului, c\u00e2t \u015fi fa\u0163\u0103 de to\u0163i cei cu care era la munc\u0103 ori la suferin\u0163\u0103 \u00een \u00eenchisoare. Aceast\u0103 frumoas\u0103 purtare a lui l-a f\u0103cut s\u0103 fie pre\u0163uit \u015fi vorbit de bine de c\u0103tre to\u0163i.<br \/>\n\u00cen anul 1964, dup\u0103 eliberarea din \u00eenchisoare, fratele Pavel a \u00eenceput din nou s\u0103 lucreze, cu toate condi\u0163iile grele, spre a-i aduna iar\u0103\u015fi pe copiii lui Dumnezeu cei risipi\u0163i de \u00eencerc\u0103ri \u015fi de necazuri. Fiind s\u0103rac trupe\u015fte, fratele Pavel lucra prin alte localit\u0103\u0163i, dar venea adesea pe jos 20-25 km, pentru a veghea \u015fi \u00eemb\u0103rb\u0103ta adunarea fr\u0103\u0163easc\u0103 din Mehadia.<br \/>\n\u00cen 1972 so\u0163ia sa Anca s-a \u00eemboln\u0103vit grav \u015fi a trecut la Domnul, dar el n-a \u00eencetat lucrul s\u0103u sf\u00e2nt \u2013 ci a continuat s\u0103 mearg\u0103 prin satele \u00eendep\u0103rtate, nu numai pentru lucrul m\u00e2inilor sale, pentru p\u00e2inea zilnic\u0103, ci mai ales pentru lucrul Evangheliei, pentru via\u0163a ve\u015fnic\u0103. \u00cen toate acestea l-a ajutat fata lui cea mai mic\u0103, Maria, care devenise \u015fi ea un suflet predat cu sinceritate Domnului Iisus.<br \/>\nDar fratele, sl\u0103bit trupe\u015fte de munc\u0103 \u015fi boal\u0103, a ajuns cur\u00e2nd s\u0103 nu mai poat\u0103 lucra. Tot timpul anilor s\u0103i din urm\u0103 i-a petrecut pentru Domnul, \u00een adun\u0103ri, \u00een posturi \u015fi rug\u0103ciuni.<br \/>\n\u00cen anul 1980 i-a venit acas\u0103, bolnav\u0103 \u015fi oarb\u0103, \u015fi fiica lui cea mai mare, Elisabeta, nenorocit\u0103 de p\u0103catul prin care tr\u0103ise. Dar fratele Pavel a f\u0103cut totul ca ea s\u0103 se predea Domnului \u015fi a \u00eengrijit-o p\u00e2n\u0103 la moartea ei, un an de zile pe pat.<br \/>\n\u00cen noaptea de 6 martie 1982, presim\u0163ind c\u0103 i se apropie sf\u00e2r\u015fitul, s-a ridicat de pe patul lui de boal\u0103, \u015fi a luat lum\u00e2n\u0103rile preg\u0103tite pentru moarte, a trecut \u00een camera fetei lui, Maria, a trezit-o din somn \u015fi i-a cerut s\u0103-i aprind\u0103 lum\u00e2n\u0103rile, c\u0103ci \u00eengerul Domnului a venit dup\u0103 el ca s\u0103 plece. Apoi s-a rugat c\u00e2teva clipe Domnului, dup\u0103 care s-a a\u015fezat pe pat, a mai respirat de c\u00e2teva ori, apoi a trecut fericit \u015fi senin \u00een bra\u0163ele Domnului Iisus, pe Care L-a iubit \u015fi L-a slujit din tot sufletul s\u0103u p\u00e2n\u0103 la cap\u0103t.<br \/>\nLa morm\u00e2nt a fost petrecut cu mult\u0103 evlavie \u015fi multe lacrimi de c\u0103tre to\u0163i cei care l-au pre\u0163ui foarte mult din pricina vie\u0163ii \u015fi credin\u0163ei sale.<br \/>\nNoi va trebui s\u0103-l pomenim pe fratele Pavel pentru totdeauna \u00eentre \u00eenainta\u015fii vrednici, pentru c\u0103 via\u0163a \u015fi lupta lui pentru Domnul a fost una dintre cele mai frumoase, mai rodnice \u015fi mai vrednice.<br \/>\nAmin.<br \/>\nSl\u0103vit s\u0103 fie Domnul!<\/p>\n<p><em><strong>Traian Dorz<\/strong><\/em> &#8211; <em>Ferici\u0163ii no\u015ftri \u00eenainta\u015fi<\/em><\/p>\n","protected":false},"excerpt":{"rendered":"<p>\u00cen noaptea de 6 martie 1982, presim\u0163ind c\u0103 i se apropie sf\u00e2r\u015fitul, s-a ridicat de pe patul lui de boal\u0103, \u015fi a luat lum\u00e2n\u0103rile preg\u0103tite pentru moarte, a trecut \u00een camera fetei lui, Maria, a trezit-o din somn \u015fi i-a cerut s\u0103-i aprind\u0103 lum\u00e2n\u0103rile, c\u0103ci \u00eengerul Domnului a venit dup\u0103 el ca s\u0103 plece. Apoi&nbsp;<\/p>\n<p><a class=\"btn btn-style\" href=\"https:\/\/comorinemuritoare.ro\/bLOGOS\/pavel-dragomir-din-mehadia-%e2%80%93-timis\/\">Continue Reading&#8230;<\/a><\/p>\n","protected":false},"author":1,"featured_media":0,"comment_status":"open","ping_status":"open","sticky":false,"template":"","format":"standard","meta":{"footnotes":""},"categories":[12],"tags":[],"class_list":["post-5872","post","type-post","status-publish","format-standard","hentry","category-mrturii"],"_links":{"self":[{"href":"https:\/\/comorinemuritoare.ro\/bLOGOS\/wp-json\/wp\/v2\/posts\/5872","targetHints":{"allow":["GET"]}}],"collection":[{"href":"https:\/\/comorinemuritoare.ro\/bLOGOS\/wp-json\/wp\/v2\/posts"}],"about":[{"href":"https:\/\/comorinemuritoare.ro\/bLOGOS\/wp-json\/wp\/v2\/types\/post"}],"author":[{"embeddable":true,"href":"https:\/\/comorinemuritoare.ro\/bLOGOS\/wp-json\/wp\/v2\/users\/1"}],"replies":[{"embeddable":true,"href":"https:\/\/comorinemuritoare.ro\/bLOGOS\/wp-json\/wp\/v2\/comments?post=5872"}],"version-history":[{"count":0,"href":"https:\/\/comorinemuritoare.ro\/bLOGOS\/wp-json\/wp\/v2\/posts\/5872\/revisions"}],"wp:attachment":[{"href":"https:\/\/comorinemuritoare.ro\/bLOGOS\/wp-json\/wp\/v2\/media?parent=5872"}],"wp:term":[{"taxonomy":"category","embeddable":true,"href":"https:\/\/comorinemuritoare.ro\/bLOGOS\/wp-json\/wp\/v2\/categories?post=5872"},{"taxonomy":"post_tag","embeddable":true,"href":"https:\/\/comorinemuritoare.ro\/bLOGOS\/wp-json\/wp\/v2\/tags?post=5872"}],"curies":[{"name":"wp","href":"https:\/\/api.w.org\/{rel}","templated":true}]}}