{"id":6228,"date":"2011-04-09T14:19:27","date_gmt":"2011-04-09T17:19:27","guid":{"rendered":"http:\/\/comorinemuritoare.ro\/bLOGOS\/?p=6228"},"modified":"2011-04-09T16:39:48","modified_gmt":"2011-04-09T19:39:48","slug":"as-vrea-sa-mor","status":"publish","type":"post","link":"https:\/\/comorinemuritoare.ro\/bLOGOS\/as-vrea-sa-mor\/","title":{"rendered":"A\u015f vrea s\u0103 mor"},"content":{"rendered":"<p><strong><em>Vlad Gheorghiu<\/em><\/strong><\/p>\n<p>A\u015f vrea s\u0103 mor de-at\u00e2tea ori c\u00e2t cere isp\u0103\u015firea,<br \/>\nca s\u0103-mi pl\u0103tesc prin suferin\u0163i c\u00e2t \u0162i-am zdrobit iubirea.<\/p>\n<p>S\u0103-nmorm\u00e2ntez tot ce-i str\u0103in de cer \u015fi de-nviere,<br \/>\nca slobod, c\u00e2ntecul s\u0103-mi nal\u0163 din aspra mea t\u0103cere.<\/p>\n<p>\u015ei chinu-a\u015f vrea \u00eendelungat at\u00e2t c\u00e2t cere vina,<br \/>\nca s\u0103-mi sfin\u0163esc aici prin foc \u015fi dorul, \u015fi lumina.<\/p>\n<p>S\u0103-ndur cu drag at\u00e2ta greu, p\u0103catul c\u00e2t va cere,<br \/>\ns-ajung \u00een fa\u0163a Ta, Iisus, curat la \u00eenviere.<\/p>\n<p>S\u0103 pot s\u0103 m\u0103 despart u\u015for, c\u00e2nd voi pleca, de tin\u0103,<br \/>\ncu sufletul senin s\u0103 zbor, Iisuse, spre lumin\u0103.<\/p>\n<p>S\u0103 nu-mi mai \u015ftii nimic din tot ce-avut-am f\u0103rdelege,<br \/>\ntot c\u00e2t am pl\u00e2ns \u00een ceasul greu de ea s\u0103 m\u0103 dezlege.<\/p>\n<p>A\u015fa a\u015f vrea, Iisuse drag, dar c\u00e2nd durerea vine,<br \/>\nce iute strig la mila Ta, s-o treac\u0103 de la mine.<\/p>\n<p>Toiagul \u015fi nuiaua Ta \u00eemi par ades prea grele,<br \/>\no, Domnul meu, c\u00e2nd slab m\u0103 vezi, ajut\u0103 fricii mele.<\/p>\n","protected":false},"excerpt":{"rendered":"<p>Vlad Gheorghiu A\u015f vrea s\u0103 mor de-at\u00e2tea ori c\u00e2t cere isp\u0103\u015firea, ca s\u0103-mi pl\u0103tesc prin suferin\u0163i c\u00e2t \u0162i-am zdrobit iubirea. S\u0103-nmorm\u00e2ntez tot ce-i str\u0103in de cer \u015fi de-nviere, ca slobod, c\u00e2ntecul s\u0103-mi nal\u0163 din aspra mea t\u0103cere. \u015ei chinu-a\u015f vrea \u00eendelungat at\u00e2t c\u00e2t cere vina, ca s\u0103-mi sfin\u0163esc aici prin foc \u015fi dorul, \u015fi lumina.&nbsp;<\/p>\n<p><a class=\"btn btn-style\" href=\"https:\/\/comorinemuritoare.ro\/bLOGOS\/as-vrea-sa-mor\/\">Continue Reading&#8230;<\/a><\/p>\n","protected":false},"author":1,"featured_media":0,"comment_status":"open","ping_status":"open","sticky":false,"template":"","format":"standard","meta":{"footnotes":""},"categories":[1],"tags":[],"class_list":["post-6228","post","type-post","status-publish","format-standard","hentry","category-editorial"],"_links":{"self":[{"href":"https:\/\/comorinemuritoare.ro\/bLOGOS\/wp-json\/wp\/v2\/posts\/6228","targetHints":{"allow":["GET"]}}],"collection":[{"href":"https:\/\/comorinemuritoare.ro\/bLOGOS\/wp-json\/wp\/v2\/posts"}],"about":[{"href":"https:\/\/comorinemuritoare.ro\/bLOGOS\/wp-json\/wp\/v2\/types\/post"}],"author":[{"embeddable":true,"href":"https:\/\/comorinemuritoare.ro\/bLOGOS\/wp-json\/wp\/v2\/users\/1"}],"replies":[{"embeddable":true,"href":"https:\/\/comorinemuritoare.ro\/bLOGOS\/wp-json\/wp\/v2\/comments?post=6228"}],"version-history":[{"count":0,"href":"https:\/\/comorinemuritoare.ro\/bLOGOS\/wp-json\/wp\/v2\/posts\/6228\/revisions"}],"wp:attachment":[{"href":"https:\/\/comorinemuritoare.ro\/bLOGOS\/wp-json\/wp\/v2\/media?parent=6228"}],"wp:term":[{"taxonomy":"category","embeddable":true,"href":"https:\/\/comorinemuritoare.ro\/bLOGOS\/wp-json\/wp\/v2\/categories?post=6228"},{"taxonomy":"post_tag","embeddable":true,"href":"https:\/\/comorinemuritoare.ro\/bLOGOS\/wp-json\/wp\/v2\/tags?post=6228"}],"curies":[{"name":"wp","href":"https:\/\/api.w.org\/{rel}","templated":true}]}}