{"id":6297,"date":"2011-04-19T15:13:49","date_gmt":"2011-04-19T18:13:49","guid":{"rendered":"http:\/\/comorinemuritoare.ro\/bLOGOS\/?p=6297"},"modified":"2011-04-19T15:14:52","modified_gmt":"2011-04-19T18:14:52","slug":"dumnezeu-face-legamant-cu-noe-%e2%80%93-legamantul-legii-celei-noi","status":"publish","type":"post","link":"https:\/\/comorinemuritoare.ro\/bLOGOS\/dumnezeu-face-legamant-cu-noe-%e2%80%93-legamantul-legii-celei-noi\/","title":{"rendered":"DUMNEZEU FACE LEG\u0102M\u00c2NT CU NOE \u2013 LEG\u0102M\u00c2NTUL LEGII CELEI NOI"},"content":{"rendered":"<p><strong>Preot IOSIF TRIFA, <\/strong>CORABIA LUI NOE<\/p>\n<p style=\"text-align: justify;\">&#8230; Asculta\u0163i ce zice Apostolul Petru: <em>\u201ePrin Cuv\u00e2ntul lui Dumnezeu a pierit odinioar\u0103 lumea \u2013 pe timpul lui Noe \u2013 \u00eenecat\u0103 de ap\u0103&#8230; Prin Cuv\u00e2ntul lui Dumnezeu s-a cur\u0103\u0163it p\u0103m\u00e2ntul prin ap\u0103 \u015fi cu ajutorul apei. Iar cerurile \u015fi p\u0103m\u00e2ntul de acum sunt p\u0103strate, prin acela\u015fi Cuv\u00e2nt, pentru focul din Ziua de Judecat\u0103 \u015fi de pieire a oamenilor nelegiui\u0163i\u201c (II Petru, 3, 5-7).<\/em><br \/>\n<a href=\"http:\/\/comorinemuritoare.ro\/bLOGOS\/wp-content\/uploads\/2011\/04\/Rastig-36.jpg\"><img loading=\"lazy\" decoding=\"async\" class=\"alignright size-full wp-image-6298\" title=\"Rastig-36\" src=\"http:\/\/comorinemuritoare.ro\/bLOGOS\/wp-content\/uploads\/2011\/04\/Rastig-36.jpg\" alt=\"\" width=\"245\" height=\"344\" srcset=\"https:\/\/comorinemuritoare.ro\/bLOGOS\/wp-content\/uploads\/2011\/04\/Rastig-36.jpg 250w, https:\/\/comorinemuritoare.ro\/bLOGOS\/wp-content\/uploads\/2011\/04\/Rastig-36-213x300.jpg 213w\" sizes=\"auto, (max-width: 245px) 100vw, 245px\" \/><\/a>Acesta este potopul cel adev\u0103rat, potopul cel sufletesc din Ziua cea mare a Judec\u0103\u0163ii. To\u0163i suntem amenin\u0163a\u0163i de acest potop. P\u0103catul ne duce pe to\u0163i \u00een fa\u0163a lui. Din acest teribil potop va trebui s\u0103 sc\u0103p\u0103m la via\u0163\u0103 ori s\u0103 pierim \u00een fl\u0103c\u0103rile lui. C\u0103 pe p\u0103m\u00e2nt nu va mai fi pr\u0103p\u0103d de ap\u0103 \u015fi nu vom muri \u00eeneca\u0163i, asta \u00eenc\u0103 n-ajunge nimic, c\u00e2t\u0103 vreme vom pieri \u00een potopul cel de foc. Eu am cunoscut un om care a sc\u0103pat de \u00eenec \u00een ap\u0103 \u015fi, pe urm\u0103, a murit \u00eentr-un foc. Izb\u0103virea lui de \u00eenec nu i-a fost de nici un folos.<\/p>\n<p style=\"text-align: justify;\">Ah, ce groaznic este potopul cel de foc, ce amenin\u0163\u0103 sufletele noastre! To\u0163i suntem amenin\u0163a\u0163i s\u0103 pierim \u00een acest potop, pentru c\u0103 to\u0163i suntem p\u0103c\u0103to\u015fi. P\u0103catul \u015fi f\u0103r\u0103delegile ne-au adus \u00een fa\u0163a acestui teribil potop. Tremur\u0103m de groaza pieirii suflete\u015fti. Dar Domnul Dumnezeu, \u00een a Sa nem\u0103rginit\u0103 dragoste \u015fi iubire de oameni, nu ne las\u0103 s\u0103 pierim \u00een acest potop. El ne ajut\u0103 s\u0103 sc\u0103p\u0103m de el.<br \/>\nLeg\u0103m\u00e2ntul ce l-a f\u0103cut Dumnezeu cu Noe cuprinde \u015fi izb\u0103virea noastr\u0103 din potopul cel de foc, din potopul pieirii suflete\u015fti.Leg\u0103m\u00e2ntul ce l-a f\u0103cut Dumnezeu cu Noe \u00eenchipuie Jertfa Crucii, Jertfa cea sf\u00e2nt\u0103 a Fiului S\u0103u. Dumnezeu a f\u0103cut un leg\u0103m\u00e2nt cu p\u0103m\u00e2ntul \u015fi cu oamenii. A f\u0103cut leg\u0103m\u00e2nt c\u0103 nu-l va mai pedepsi cu pieire pentru p\u0103catele noastre. \u201eCurcubeul\u201c acestui leg\u0103m\u00e2nt este Crucea \u015fi Jertfa scumpului nostru M\u00e2ntuitor.<br \/>\nC\u00e2nd p\u0103timea Iisus pe cruce, nori negri s-au gr\u0103m\u0103dit pe cer. Deasupra Mielului se gr\u0103m\u0103diser\u0103 nori negri ce au f\u0103cut \u201e\u00eentuneric mare peste tot Ierusalimul\u201c. Ace\u015fti nori erau urgia \u015fi m\u00e2nia lui Dumnezeu pentru p\u0103catele lumii. Era un potop al urgiei \u015fi m\u00e2niei cere\u015fti, care amenin\u0163a cu pr\u0103p\u0103d \u00eentreg p\u0103m\u00e2ntul \u015fi pe oameni. Dar \u00een clipa c\u00e2nd scumpul nostru M\u00e2ntuitor a rostit cuvintele \u201es\u0103v\u00e2r\u015fitu-s-a\u201c, norii m\u00e2niei lui Dumnezeu deodat\u0103 s-au \u00eempr\u0103\u015ftiat. Sus pe Golgota s-a ivit \u00een clipa aceea cel mai minunat \u015fi m\u0103re\u0163 \u201ecurcubeu\u201c din c\u00e2te s-au v\u0103zut c\u00e2ndva \u00een aceast\u0103 lume: Iisus cel R\u0103stignit pentru p\u0103catele noastre. Dumnezeu S-a \u00eemp\u0103cat cu noi \u00een clipa c\u00e2nd scumpul nostru M\u00e2ntuitor a rostit cuvintele \u201eS\u0103v\u00e2r\u015fitu-s-a\u201c&#8230; \u00een clipa c\u00e2nd \u015ei-a \u00eemplinit Jertfa de isp\u0103\u015fire pentru p\u0103catele noastre.<!--more--><\/p>\n<p style=\"text-align: justify;\">\u00cen clipa c\u00e2nd Mielul a strigat: \u201eS\u0103v\u00e2r\u015fitu-s-a\u201c, Dumnezeu a f\u0103cut un leg\u0103m\u00e2nt mare cu p\u0103m\u00e2ntul \u015fi oamenii din toate timpurile. \u00cen acea clip\u0103, Dumnezeu a gr\u0103it ca odinioar\u0103 c\u0103tre Noe: \u201eIat\u0103, Eu fac un leg\u0103m\u00e2nt cu voi, c\u0103 nu voi pedepsi mai mult lumea \u015fi pe voi, oamenii, cu pieire sufleteasc\u0103&#8230; Crucea \u015fi Jertfa Fiului Meu vor fi semn de leg\u0103tur\u0103 \u00eentre Mine \u015fi p\u0103m\u00e2nt. C\u00e2nd voi str\u00e2nge norii de m\u00e2nie deasupra p\u0103m\u00e2ntului, Crucea Fiului Meu se va ar\u0103ta \u00een nori \u015fi \u00cemi voi aduce aminte de leg\u0103m\u00e2ntul Meu \u015fi voi ierta p\u0103catele voastre&#8230; Acesta este semnul leg\u0103m\u00e2ntului pe care l-am f\u0103cut \u00eentre Mine \u015fi orice f\u0103ptur\u0103 de pe p\u0103m\u00e2nt\u201c.<\/p>\n<p style=\"text-align: justify;\">Crucea M\u00e2ntuitorului \u015fi Jertfa Lui cea sf\u00e2nt\u0103 sunt marele leg\u0103m\u00e2nt dintre cer \u015fi p\u0103m\u00e2nt, dintre Dumnezeu \u015fi oameni. <em>\u201e\u00cen nimeni altul nu este m\u00e2ntuire, c\u0103ci nu este sub cer nici un alt nume dat oamenilor, \u00een are trebuie s\u0103 fim m\u00e2ntui\u0163i, dec\u00e2t \u00eentru numele lui Iisus Hristos\u201c (Fapt. 4, 12). \u201eDe va fi p\u0103c\u0103tuit cineva, avem Mijlocitor la Tat\u0103l, pe Iisus Hristos, Care S-a dat pe Sine isp\u0103\u015fire pentru p\u0103catele noastre\u201c (I Ioan 2, 1 \u015fi I Tim. 2, 5).<\/em><\/p>\n<p style=\"text-align: justify;\">Drag\u0103 cititorule! Eu \u00ee\u0163i aduc o veste scump\u0103 \u015fi dulce: nu mai sunt pieire \u015fi pr\u0103p\u0103d sufletesc \u00een lume. Dumnezeu a f\u0103cut leg\u0103m\u00e2nt cu noi&#8230; ne-a asigurat c\u0103 nu ne va mai da pieirii pentru p\u0103catele noastre. Ne iart\u0103, pentru Jertfa Fiului S\u0103u.<br \/>\nO, ce dar mare este acest leg\u0103m\u00e2nt! \u00cens\u0103 el nu ni se d\u0103 cu sila. El trebuie primit. Trebuie s\u0103-l cerem \u015fi s\u0103-l primim. Vai de cei ce stau afar\u0103 de acest leg\u0103m\u00e2nt!&#8230; Vai de cei care n-au intrat \u015fi nu intr\u0103 \u00een el! Ei vor r\u0103m\u00e2ne afar\u0103, \u00een potopul cel de foc al pieirii suflete\u015fti, \u00eentocmai cum au r\u0103mas oamenii din timpul lui Noe \u00een potopul cel de ap\u0103. Eu pl\u00e2ng c\u00e2nd m\u0103 g\u00e2ndesc c\u0103 at\u00e2tea \u015fi at\u00e2tea suflete stau afar\u0103 de acest leg\u0103m\u00e2nt&#8230; Nu-l cunosc \u015fi n-au intrat \u00een el.<\/p>\n<p style=\"text-align: justify;\">Cum stai tu, drag\u0103 suflete cititor, fa\u0163\u0103 de leg\u0103m\u00e2ntul ce l-a f\u0103cut Dumnezeu cu Noe \u015fi cu noi? Intr\u0103 \u00eendat\u0103 \u00een acest leg\u0103m\u00e2nt! Intr\u0103 \u00eendat\u0103 \u00een \u201ecorabia\u201c m\u00e2ntuirii \u015fi-l vei avea!<\/p>\n<p style=\"text-align: justify;\"><em>Preabunule Doamne \u015fi Tat\u0103 Ceresc! Prime\u015fte-m\u0103<\/em><em> \u015fi pe mine \u00een leg\u0103m\u00e2ntul Crucii, cel f\u0103cut pentru m\u00e2ntuirea noastr\u0103! Iart\u0103-m\u0103, pentru Jertfa cea scump\u0103 a Fiului T\u0103u!<br \/>\nIisuse, scumpul meu M\u00e2ntuitor! Prime\u015fte-m\u0103 \u015fi pe mine sub bra\u0163ele Crucii Tale! Prime\u015fte-m\u0103 \u00een \u201ecorabia\u201c m\u00e2ntuirii, cea c\u00e2\u015ftigat\u0103 cu scump S\u00e2ngele T\u0103u! \u00cempac\u0103-m\u0103 cu Tat\u0103l Ceresc prin Jertfa Ta cea sf\u00e2nt\u0103!<br \/>\nDuhule Sfinte, adu-mi aminte, clip\u0103 de clip\u0103, c\u0103 via\u0163a mea este un dar al Celui r\u0103stignit pe cruce \u015fi trebuie s\u0103 o tr\u0103iesc \u00eentreag\u0103 cu El \u015fi pentru El. Adu-mi aminte, clip\u0103 de clip\u0103, c\u0103 eu nu mai sunt al meu, ci sunt al lui Iisus Hristos Care m-a r\u0103scump\u0103rat cu un pre\u0163 mare.<\/em><\/p>\n","protected":false},"excerpt":{"rendered":"<p>Preot IOSIF TRIFA, CORABIA LUI NOE &#8230; Asculta\u0163i ce zice Apostolul Petru: \u201ePrin Cuv\u00e2ntul lui Dumnezeu a pierit odinioar\u0103 lumea \u2013 pe timpul lui Noe \u2013 \u00eenecat\u0103 de ap\u0103&#8230; Prin Cuv\u00e2ntul lui Dumnezeu s-a cur\u0103\u0163it p\u0103m\u00e2ntul prin ap\u0103 \u015fi cu ajutorul apei. Iar cerurile \u015fi p\u0103m\u00e2ntul de acum sunt p\u0103strate, prin acela\u015fi Cuv\u00e2nt, pentru focul&nbsp;<\/p>\n<p><a class=\"btn btn-style\" href=\"https:\/\/comorinemuritoare.ro\/bLOGOS\/dumnezeu-face-legamant-cu-noe-%e2%80%93-legamantul-legii-celei-noi\/\">Continue Reading&#8230;<\/a><\/p>\n","protected":false},"author":1,"featured_media":0,"comment_status":"open","ping_status":"open","sticky":false,"template":"","format":"standard","meta":{"footnotes":""},"categories":[34],"tags":[],"class_list":["post-6297","post","type-post","status-publish","format-standard","hentry","category-cuvinte-de-invatatura"],"_links":{"self":[{"href":"https:\/\/comorinemuritoare.ro\/bLOGOS\/wp-json\/wp\/v2\/posts\/6297","targetHints":{"allow":["GET"]}}],"collection":[{"href":"https:\/\/comorinemuritoare.ro\/bLOGOS\/wp-json\/wp\/v2\/posts"}],"about":[{"href":"https:\/\/comorinemuritoare.ro\/bLOGOS\/wp-json\/wp\/v2\/types\/post"}],"author":[{"embeddable":true,"href":"https:\/\/comorinemuritoare.ro\/bLOGOS\/wp-json\/wp\/v2\/users\/1"}],"replies":[{"embeddable":true,"href":"https:\/\/comorinemuritoare.ro\/bLOGOS\/wp-json\/wp\/v2\/comments?post=6297"}],"version-history":[{"count":0,"href":"https:\/\/comorinemuritoare.ro\/bLOGOS\/wp-json\/wp\/v2\/posts\/6297\/revisions"}],"wp:attachment":[{"href":"https:\/\/comorinemuritoare.ro\/bLOGOS\/wp-json\/wp\/v2\/media?parent=6297"}],"wp:term":[{"taxonomy":"category","embeddable":true,"href":"https:\/\/comorinemuritoare.ro\/bLOGOS\/wp-json\/wp\/v2\/categories?post=6297"},{"taxonomy":"post_tag","embeddable":true,"href":"https:\/\/comorinemuritoare.ro\/bLOGOS\/wp-json\/wp\/v2\/tags?post=6297"}],"curies":[{"name":"wp","href":"https:\/\/api.w.org\/{rel}","templated":true}]}}