{"id":6730,"date":"2023-05-26T10:40:55","date_gmt":"2023-05-26T13:40:55","guid":{"rendered":"http:\/\/comorinemuritoare.ro\/bLOGOS\/?p=6730"},"modified":"2023-05-26T18:24:51","modified_gmt":"2023-05-26T21:24:51","slug":"doresc-sa-te-privesc","status":"publish","type":"post","link":"https:\/\/comorinemuritoare.ro\/bLOGOS\/doresc-sa-te-privesc\/","title":{"rendered":"DORESC S\u0102 TE PRIVESC"},"content":{"rendered":"<p>Doresc s\u0103 Te privesc pe Tine, de dragul Cui au suportat<br \/>\n\u00een lume, ferici\u0163i, \u015fi via\u0163a \u015fi moartea, mii \u015fi mii de sfin\u0163i,<br \/>\nde dragul Cui privirea sf\u00e2nt\u0103 a mii de tinere fecioare<br \/>\ns-au desp\u0103r\u0163it de tinere\u0163e, de promisiuni \u015fi de p\u0103rin\u0163i,<br \/>\nde dragul Cui \u015fi r\u00e2ndunica, privind spre ceruri, c\u00e2nt\u0103 dulce<br \/>\nchiar dac\u0103 e uscat\u0103 creanga pe care trebuie s\u0103 stea,<br \/>\nde dragul Cui stau s\u0103-nfloreasc\u0103 salc\u00e2mii ferici\u0163i pe coast\u0103<br \/>\nchiar dac\u0103-i toamn\u0103 \u015fi sub brume cur\u00e2nd podoaba va c\u0103dea\u2026<\/p>\n<p>\u2026Doresc, dar c\u00e2nd privesc, Iisuse, nu \u015ftiu: de lacrimi<br \/>\nori de soare,<br \/>\nori de minuni \u00eemi umpli ochii\u2026<br \/>\n\u2013 \u015fi nu mai pot nimic vedea! <strong><em>(Traian DORZ)<\/em><\/strong><\/p>\n<p style=\"text-align: center;\"><a href=\"http:\/\/comorinemuritoare.ro\/bLOGOS\/wp-content\/uploads\/2011\/06\/D-Tuturor-Sfintilor.jpg\"><img decoding=\"async\" class=\"aligncenter size-full wp-image-6731\" style=\"border: 1px solid black;\" title=\"D-Tuturor-Sfintilor\" src=\"http:\/\/comorinemuritoare.ro\/bLOGOS\/wp-content\/uploads\/2011\/06\/D-Tuturor-Sfintilor.jpg\" alt=\"\" width=\"100%\" srcset=\"https:\/\/comorinemuritoare.ro\/bLOGOS\/wp-content\/uploads\/2011\/06\/D-Tuturor-Sfintilor.jpg 1320w, https:\/\/comorinemuritoare.ro\/bLOGOS\/wp-content\/uploads\/2011\/06\/D-Tuturor-Sfintilor-300x162.jpg 300w, https:\/\/comorinemuritoare.ro\/bLOGOS\/wp-content\/uploads\/2011\/06\/D-Tuturor-Sfintilor-1024x555.jpg 1024w\" sizes=\"(max-width: 1320px) 100vw, 1320px\" \/><\/a><\/p>\n","protected":false},"excerpt":{"rendered":"<p>Doresc s\u0103 Te privesc pe Tine, de dragul Cui au suportat \u00een lume, ferici\u0163i, \u015fi via\u0163a \u015fi moartea, mii \u015fi mii de sfin\u0163i, de dragul Cui privirea sf\u00e2nt\u0103 a mii de tinere fecioare s-au desp\u0103r\u0163it de tinere\u0163e, de promisiuni \u015fi de p\u0103rin\u0163i, de dragul Cui \u015fi r\u00e2ndunica, privind spre ceruri, c\u00e2nt\u0103 dulce chiar dac\u0103 e&nbsp;<\/p>\n<p><a class=\"btn btn-style\" href=\"https:\/\/comorinemuritoare.ro\/bLOGOS\/doresc-sa-te-privesc\/\">Continue Reading&#8230;<\/a><\/p>\n","protected":false},"author":1,"featured_media":0,"comment_status":"open","ping_status":"open","sticky":false,"template":"","format":"standard","meta":{"footnotes":""},"categories":[4],"tags":[],"class_list":["post-6730","post","type-post","status-publish","format-standard","hentry","category-poezii"],"_links":{"self":[{"href":"https:\/\/comorinemuritoare.ro\/bLOGOS\/wp-json\/wp\/v2\/posts\/6730","targetHints":{"allow":["GET"]}}],"collection":[{"href":"https:\/\/comorinemuritoare.ro\/bLOGOS\/wp-json\/wp\/v2\/posts"}],"about":[{"href":"https:\/\/comorinemuritoare.ro\/bLOGOS\/wp-json\/wp\/v2\/types\/post"}],"author":[{"embeddable":true,"href":"https:\/\/comorinemuritoare.ro\/bLOGOS\/wp-json\/wp\/v2\/users\/1"}],"replies":[{"embeddable":true,"href":"https:\/\/comorinemuritoare.ro\/bLOGOS\/wp-json\/wp\/v2\/comments?post=6730"}],"version-history":[{"count":1,"href":"https:\/\/comorinemuritoare.ro\/bLOGOS\/wp-json\/wp\/v2\/posts\/6730\/revisions"}],"predecessor-version":[{"id":26964,"href":"https:\/\/comorinemuritoare.ro\/bLOGOS\/wp-json\/wp\/v2\/posts\/6730\/revisions\/26964"}],"wp:attachment":[{"href":"https:\/\/comorinemuritoare.ro\/bLOGOS\/wp-json\/wp\/v2\/media?parent=6730"}],"wp:term":[{"taxonomy":"category","embeddable":true,"href":"https:\/\/comorinemuritoare.ro\/bLOGOS\/wp-json\/wp\/v2\/categories?post=6730"},{"taxonomy":"post_tag","embeddable":true,"href":"https:\/\/comorinemuritoare.ro\/bLOGOS\/wp-json\/wp\/v2\/tags?post=6730"}],"curies":[{"name":"wp","href":"https:\/\/api.w.org\/{rel}","templated":true}]}}