{"id":7217,"date":"2014-09-06T10:50:18","date_gmt":"2014-09-06T13:50:18","guid":{"rendered":"http:\/\/comorinemuritoare.ro\/bLOGOS\/?p=7217"},"modified":"2014-09-06T13:47:57","modified_gmt":"2014-09-06T16:47:57","slug":"nu-i-crucea-mit","status":"publish","type":"post","link":"https:\/\/comorinemuritoare.ro\/bLOGOS\/nu-i-crucea-mit\/","title":{"rendered":"NU-I CRUCEA MIT!"},"content":{"rendered":"<p style=\"padding-left: 90px;\"><strong><em>Traian DORZ<\/em><\/strong><\/p>\n<p><a href=\"http:\/\/comorinemuritoare.ro\/bLOGOS\/wp-content\/uploads\/2011\/09\/Crucea-Izvor.jpg\"><img loading=\"lazy\" decoding=\"async\" class=\"alignright size-full wp-image-7218\" title=\"Crucea-Izvor\" alt=\"\" src=\"http:\/\/comorinemuritoare.ro\/bLOGOS\/wp-content\/uploads\/2011\/09\/Crucea-Izvor.jpg\" width=\"300\" height=\"580\" srcset=\"https:\/\/comorinemuritoare.ro\/bLOGOS\/wp-content\/uploads\/2011\/09\/Crucea-Izvor.jpg 300w, https:\/\/comorinemuritoare.ro\/bLOGOS\/wp-content\/uploads\/2011\/09\/Crucea-Izvor-155x300.jpg 155w\" sizes=\"auto, (max-width: 300px) 100vw, 300px\" \/><\/a>Nu-i Crucea mit<br \/>\n\u2013 e-un sf\u00e2nt altar<br \/>\n\u015fi-un nesf\u00e2r\u015fit<br \/>\nizvor de har,<br \/>\ne-n Taina ei un negr\u0103it<br \/>\n\u015fi-un nesf\u00e2r\u015fit<br \/>\nizvor de har!<\/p>\n<p>Nu-i numai lemn,<br \/>\n\u2013 e-av\u00e2nt \u015fi steag,<br \/>\ndivin \u00eendemn<br \/>\nspre \u0162elul drag,<br \/>\ne-n Jertfa de pe Sf\u00e2ntul Lemn<br \/>\ndivin \u00eendemn<br \/>\nspre Cerul drag.<\/p>\n<p>Nu-i doar simbol<br \/>\n\u2013 e-un fapt m\u0103re\u0163,<br \/>\nCuv\u00e2ntul-sol<br \/>\nal Noii Vie\u0163i,<br \/>\ne-n glasul ei chem\u00e2nd, ocol,<br \/>\nCuv\u00e2ntul-sol<br \/>\nal Noii Vie\u0163i.<\/p>\n<p>Nu-i Crucea mit<br \/>\n\u2013 ci-adev\u0103rat<br \/>\n\u015fi-n veci sl\u0103vit<br \/>\ntemei curat.<br \/>\nE-n chipul ei prealuminat<br \/>\n\u00een veci sl\u0103vit<br \/>\ntemei curat!<\/p>\n","protected":false},"excerpt":{"rendered":"<p>Traian DORZ Nu-i Crucea mit \u2013 e-un sf\u00e2nt altar \u015fi-un nesf\u00e2r\u015fit izvor de har, e-n Taina ei un negr\u0103it \u015fi-un nesf\u00e2r\u015fit izvor de har! Nu-i numai lemn, \u2013 e-av\u00e2nt \u015fi steag, divin \u00eendemn spre \u0162elul drag, e-n Jertfa de pe Sf\u00e2ntul Lemn divin \u00eendemn spre Cerul drag. Nu-i doar simbol \u2013 e-un fapt m\u0103re\u0163, Cuv\u00e2ntul-sol&nbsp;<\/p>\n<p><a class=\"btn btn-style\" href=\"https:\/\/comorinemuritoare.ro\/bLOGOS\/nu-i-crucea-mit\/\">Continue Reading&#8230;<\/a><\/p>\n","protected":false},"author":1,"featured_media":0,"comment_status":"open","ping_status":"open","sticky":false,"template":"","format":"standard","meta":{"footnotes":""},"categories":[4],"tags":[],"class_list":["post-7217","post","type-post","status-publish","format-standard","hentry","category-poezii"],"_links":{"self":[{"href":"https:\/\/comorinemuritoare.ro\/bLOGOS\/wp-json\/wp\/v2\/posts\/7217","targetHints":{"allow":["GET"]}}],"collection":[{"href":"https:\/\/comorinemuritoare.ro\/bLOGOS\/wp-json\/wp\/v2\/posts"}],"about":[{"href":"https:\/\/comorinemuritoare.ro\/bLOGOS\/wp-json\/wp\/v2\/types\/post"}],"author":[{"embeddable":true,"href":"https:\/\/comorinemuritoare.ro\/bLOGOS\/wp-json\/wp\/v2\/users\/1"}],"replies":[{"embeddable":true,"href":"https:\/\/comorinemuritoare.ro\/bLOGOS\/wp-json\/wp\/v2\/comments?post=7217"}],"version-history":[{"count":0,"href":"https:\/\/comorinemuritoare.ro\/bLOGOS\/wp-json\/wp\/v2\/posts\/7217\/revisions"}],"wp:attachment":[{"href":"https:\/\/comorinemuritoare.ro\/bLOGOS\/wp-json\/wp\/v2\/media?parent=7217"}],"wp:term":[{"taxonomy":"category","embeddable":true,"href":"https:\/\/comorinemuritoare.ro\/bLOGOS\/wp-json\/wp\/v2\/categories?post=7217"},{"taxonomy":"post_tag","embeddable":true,"href":"https:\/\/comorinemuritoare.ro\/bLOGOS\/wp-json\/wp\/v2\/tags?post=7217"}],"curies":[{"name":"wp","href":"https:\/\/api.w.org\/{rel}","templated":true}]}}