{"id":7636,"date":"2011-11-03T17:06:31","date_gmt":"2011-11-03T20:06:31","guid":{"rendered":"http:\/\/comorinemuritoare.ro\/bLOGOS\/?p=7636"},"modified":"2011-11-03T17:22:39","modified_gmt":"2011-11-03T20:22:39","slug":"in-mersul-catre-maine-3","status":"publish","type":"post","link":"https:\/\/comorinemuritoare.ro\/bLOGOS\/in-mersul-catre-maine-3\/","title":{"rendered":"\u00cen mersul c\u0103tre M\u00e2ine"},"content":{"rendered":"<p><em><strong>Traian DORZ<\/strong>,<\/em> Eternele poeme<\/p>\n<p style=\"padding-left: 60px;\">\u00cen mersul c\u0103tre M\u00e2ine, ajut\u0103-ne, Iisus,<br \/>\ns\u0103 ne sfin\u0163im via\u0163a, s\u0103 ne m\u0103rim puterea,<br \/>\nmai r\u0103bd\u0103tori s\u0103 trecem spre ultimul apus,<br \/>\nmai plini de vorbe sfinte s\u0103 ne-nt\u00e2lnim t\u0103cerea.<\/p>\n<p style=\"padding-left: 60px;\">Prin cerurile nop\u0163ii s\u0103 nu c\u0103dem gunoi,<br \/>\nprin v\u00e2nturarea zilei s\u0103 nu ne-alegem pleav\u0103,<br \/>\nprin anii \u00eencerc\u0103rii, mergi pas la pas cu noi,<br \/>\ns\u0103 ne g\u0103se\u015fti la cap\u0103t \u00eenvrednici\u0163i de slav\u0103.<\/p>\n<p style=\"padding-left: 60px;\">Credin\u0163a, neschimbat\u0103 ne-ajut\u0103 s-o p\u0103str\u0103m,<br \/>\nn\u0103dejdea, neclintit\u0103 s\u0103 ne-o-nt\u0103rim \u00eentruna,<br \/>\n\u015fi dragostea fierbinte cu lacrimi s-o-nc\u0103rc\u0103m,<br \/>\nc\u0103znindu-ne genunchii s\u0103 cucerim cununa.<\/p>\n<p style=\"padding-left: 60px;\">Apleac\u0103 fruntea noastr\u0103 mereu cu-at\u00e2t mai jos<br \/>\ncu c\u00e2t mai sus spre Tine ni-e inima \u2019n\u0103l\u0163at\u0103;<br \/>\nnimic s\u0103 nu ne-atrag\u0103 din ce-am sim\u0163it frumos,<br \/>\nnimic s\u0103 nu ne lege din ce-am l\u0103sat odat\u0103.<\/p>\n<p style=\"padding-left: 60px;\">A\u015fa, c\u00e2nd o s-ajungem la \u0162\u0103rmul Fericit,<br \/>\n\u00een Zorii-Acelui M\u00e2ine ce-l tot dorim de-asear\u0103,<br \/>\nIisuse, s\u0103 ne-nt\u00e2mpini cu Pr\u00e2nzul preg\u0103tit,<br \/>\nuit\u00e2nd de noaptea asta<br \/>\n\u015fi foamea ei amar\u0103&#8230;<\/p>\n","protected":false},"excerpt":{"rendered":"<p>Traian DORZ, Eternele poeme \u00cen mersul c\u0103tre M\u00e2ine, ajut\u0103-ne, Iisus, s\u0103 ne sfin\u0163im via\u0163a, s\u0103 ne m\u0103rim puterea, mai r\u0103bd\u0103tori s\u0103 trecem spre ultimul apus, mai plini de vorbe sfinte s\u0103 ne-nt\u00e2lnim t\u0103cerea. Prin cerurile nop\u0163ii s\u0103 nu c\u0103dem gunoi, prin v\u00e2nturarea zilei s\u0103 nu ne-alegem pleav\u0103, prin anii \u00eencerc\u0103rii, mergi pas la pas cu&nbsp;<\/p>\n<p><a class=\"btn btn-style\" href=\"https:\/\/comorinemuritoare.ro\/bLOGOS\/in-mersul-catre-maine-3\/\">Continue Reading&#8230;<\/a><\/p>\n","protected":false},"author":1,"featured_media":0,"comment_status":"open","ping_status":"open","sticky":false,"template":"","format":"standard","meta":{"footnotes":""},"categories":[4],"tags":[],"class_list":["post-7636","post","type-post","status-publish","format-standard","hentry","category-poezii"],"_links":{"self":[{"href":"https:\/\/comorinemuritoare.ro\/bLOGOS\/wp-json\/wp\/v2\/posts\/7636","targetHints":{"allow":["GET"]}}],"collection":[{"href":"https:\/\/comorinemuritoare.ro\/bLOGOS\/wp-json\/wp\/v2\/posts"}],"about":[{"href":"https:\/\/comorinemuritoare.ro\/bLOGOS\/wp-json\/wp\/v2\/types\/post"}],"author":[{"embeddable":true,"href":"https:\/\/comorinemuritoare.ro\/bLOGOS\/wp-json\/wp\/v2\/users\/1"}],"replies":[{"embeddable":true,"href":"https:\/\/comorinemuritoare.ro\/bLOGOS\/wp-json\/wp\/v2\/comments?post=7636"}],"version-history":[{"count":0,"href":"https:\/\/comorinemuritoare.ro\/bLOGOS\/wp-json\/wp\/v2\/posts\/7636\/revisions"}],"wp:attachment":[{"href":"https:\/\/comorinemuritoare.ro\/bLOGOS\/wp-json\/wp\/v2\/media?parent=7636"}],"wp:term":[{"taxonomy":"category","embeddable":true,"href":"https:\/\/comorinemuritoare.ro\/bLOGOS\/wp-json\/wp\/v2\/categories?post=7636"},{"taxonomy":"post_tag","embeddable":true,"href":"https:\/\/comorinemuritoare.ro\/bLOGOS\/wp-json\/wp\/v2\/tags?post=7636"}],"curies":[{"name":"wp","href":"https:\/\/api.w.org\/{rel}","templated":true}]}}