{"id":7722,"date":"2011-11-12T13:02:15","date_gmt":"2011-11-12T16:02:15","guid":{"rendered":"http:\/\/comorinemuritoare.ro\/bLOGOS\/?p=7722"},"modified":"2011-11-12T13:04:52","modified_gmt":"2011-11-12T16:04:52","slug":"pomenirea-celui-dintre-sfinti-parintele-nostru-ioan-gura-de-aur-hrisostomul-arhiepiscopul-constantinopolului","status":"publish","type":"post","link":"https:\/\/comorinemuritoare.ro\/bLOGOS\/pomenirea-celui-dintre-sfinti-parintele-nostru-ioan-gura-de-aur-hrisostomul-arhiepiscopul-constantinopolului\/","title":{"rendered":"Pomenirea celui dintre sfin\u0163i, P\u0103rintele nostru Ioan Gur\u0103 de Aur (Hrisostomul), arhiepiscopul Constantinopolului"},"content":{"rendered":"<p><a href=\"http:\/\/comorinemuritoare.ro\/bLOGOS\/wp-content\/uploads\/2011\/11\/Sfantul-Ioan-Gura-de-Aur.jpg\"><img loading=\"lazy\" decoding=\"async\" class=\"alignright size-full wp-image-7723\" title=\"Sfantul-Ioan-Gura-de-Aur\" src=\"http:\/\/comorinemuritoare.ro\/bLOGOS\/wp-content\/uploads\/2011\/11\/Sfantul-Ioan-Gura-de-Aur.jpg\" alt=\"\" width=\"199\" height=\"399\" \/><\/a><a href=\"http:\/\/www.noutati-ortodoxe.ro\/calendar-ortodox\/sinaxar.php?date=1321160400\" target=\"_blank\">Sinaxar 13\u00a0Noiembrie<\/a><\/p>\n<p style=\"text-align: justify;\">Acest  mare \u015fi vestit luminator  dasc\u0103l al lumii a fost din marea cetate  Antiohia, din p\u0103rin\u0163i credincio\u015fi  ortodoc\u015fi am\u00e2ndoi; tat\u0103l lui era  Secund Stratilatul \u015fi maic\u0103-sa Antuza. Chiar  de la \u00eenceputul vie\u0163ii  sale, a avut mare dragoste pentru \u015ftiin\u0163a cuvintelor \u015fi  cu nevoin\u0163a ce  pusese la \u00eenv\u0103\u0163\u0103tur\u0103 \u015fi cu ascu\u0163irea firii ce avea, a \u00eenv\u0103\u0163at  toat\u0103  \u00eenv\u0103\u0163\u0103tura elineasc\u0103, f\u0103c\u00e2ndu-se ucenic lui Libanie \u015fi Andragatie,  sofi\u015ftilor  din Antiohia, iar dup\u0103 aceea al celor ce se aflau \u00een Atena.  \u015ei deprinz\u00e2nd toat\u0103  \u00een\u0163elepciunea elineasc\u0103 \u015fi cre\u015ftine\u015ftile Scripturi,  la a c\u0103ror s\u0103v\u00e2r\u015fire a cuno\u015ftin\u0163ei  ajung\u00e2nd \u015fi \u00eempodobindu-\u015fi via\u0163a cu  cur\u0103\u0163ie a fost \u00een\u0103l\u0163at la r\u00e2nduiala de  cleric de Sf\u00e2ntul Meletie,  patriarhul Antiohiei, iar de Flavian a fost f\u0103cut  diacon \u015fi preot. A  alc\u0103tuit foarte multe cuvinte de \u00eenv\u0103\u0163\u0103tur\u0103 sf\u0103tuitoare  pentru poc\u0103in\u0163\u0103  \u015fi pentru buna podoab\u0103 a obiceiurilor omene\u015fti, t\u00e2lcuind toat\u0103   dumnezeiasca Scriptur\u0103. Deci \u00eent\u00e2mpl\u00e2ndu-se a p\u0103r\u0103si via\u0163a aceasta  Nectarie  patriarhul Constantinopolului, a fost chemat Ioan de la  Antiohia, cu votul  episcopilor \u015fi cu porunca \u00eemp\u0103ratului Arcadie, \u015fi a  fost f\u0103cut patriarh al  Constantinopolului, primind canonice\u015fte  hirotonia. Deci mai mult a sporit \u00eentru  nevoin\u0163a t\u00e2lcuirii  dumnezeie\u015ftilor Scripturi \u015fi la d\u0103sc\u0103lia \u00eentreb\u0103rilor, prin  care pe  mul\u0163i a atras la cuno\u015ftin\u0163a dumnezeiasc\u0103 \u015fi la poc\u0103in\u0163\u0103. \u015ei at\u00e2ta s-a   dedat spre nevoin\u0163\u0103 \u015fi r\u0103bdare, \u00eenc\u00e2t m\u00e2ncarea lui era numai pu\u0163in\u0103  zeam\u0103 de  orz; \u015fi dormea pu\u0163in, \u00eens\u0103 nu pe pat, ci st\u00e2nd \u015fi \u0163in\u00e2ndu-se  de ni\u015fte funii.  Iar de se muia vreodat\u0103 de somn, atunci \u015fedea; a\u015fa  \u00eenc\u00e2t \u00een prisosirea iubirii  de oameni, a fost pild\u0103 \u015fi altora mul\u0163i.  Pentru aceasta \u015fi \u00een cuvintele sale  \u00eenv\u0103\u0163a pe cre\u015ftini ca s\u0103 se dea cu  totul spre aceast\u0103 fapt\u0103 bun\u0103 \u015fi s\u0103 se lase  de l\u0103comie. Pentru care s-a  \u015fi certat \u00eent\u00e2i cu Eudoxia \u00eemp\u0103r\u0103teasa, care s-a \u015fi  f\u0103cut vr\u0103jma\u015f\u0103, c\u0103  aceea luase cu r\u0103pire o vie a unei v\u0103duve s\u0103race ce se numea   Calitropia, care striga cer\u00e2nd ce era al ei. Iar sf\u00e2ntul sf\u0103tuia pe  \u00eemp\u0103r\u0103teas\u0103  s\u0103 nu \u0163in\u0103 lucrul str\u0103in \u00een sil\u0103. \u015ei nevr\u00e2nd s\u0103-i asculte  cuvintele, sf\u00e2ntul o  mustra, \u015fi cu pilda Izabelei o v\u0103dea.<!--more--><\/p>\n<p style=\"text-align: justify;\">Iar ea s-a f\u0103cut cu totul fiar\u0103 \u0163in\u00e2nd  cu t\u0103rie via. \u015ei a  fost sf\u00e2ntul alungat din scaun \u00eent\u00e2i de d\u00e2nsa \u015fi \u00een al  doilea r\u00e2nd prin  mijlocul episcopilor, care se purtau mai mult silnice\u015fte dec\u00e2t   cre\u015ftine\u015fte. Dup\u0103 aceea s-a \u00eentors iar\u0103\u015fi la scaunul s\u0103u. \u015ei \u00een cele din  urm\u0103,  sf\u00e2ntul a fost izgonit la Cucuzo al Armeniei \u015fi, petrec\u00e2nd multe  sc\u00e2rbe, \u015fi-a  dat cinstitul s\u0103u suflet lui Dumnezeu.<\/p>\n<p style=\"text-align: justify;\">Precum se vede la istoria lui, dup\u0103 scoaterea lui din scaun  \u015fi dup\u0103  izgonire, cei ce fuseser\u0103 \u00eendemn\u0103tori spre aceasta, c\u0103z\u00e2nd \u00een  multe feluri de  boli, rea moarte au luat. P\u0103timind aceasta \u00eent\u00e2i  Eudoxia, c\u0103ci a fost ea \u00eent\u00e2i  \u00eentru f\u0103r\u0103delege \u015fi a fost pricina  pierz\u0103rii episcopilor. \u015ei zic c\u0103 dup\u0103  moartea ei, spre semnul  str\u00e2mb\u0103t\u0103\u0163ii ce a f\u0103cut Hrisostomului, morm\u00e2ntul \u00een  care era \u00eengropat\u0103 a  tremurat treizeci \u015fi doi de ani. Iar dac\u0103 s-au adus  sfintele moa\u015fte  ale Hrisostomului \u015fi s-au pus acolo unde \u015fi acum se afl\u0103, a  \u00eencetat  acel cutremur.<\/p>\n","protected":false},"excerpt":{"rendered":"<p>Sinaxar 13\u00a0Noiembrie Acest mare \u015fi vestit luminator dasc\u0103l al lumii a fost din marea cetate Antiohia, din p\u0103rin\u0163i credincio\u015fi ortodoc\u015fi am\u00e2ndoi; tat\u0103l lui era Secund Stratilatul \u015fi maic\u0103-sa Antuza. Chiar de la \u00eenceputul vie\u0163ii sale, a avut mare dragoste pentru \u015ftiin\u0163a cuvintelor \u015fi cu nevoin\u0163a ce pusese la \u00eenv\u0103\u0163\u0103tur\u0103 \u015fi cu ascu\u0163irea firii ce avea,&nbsp;<\/p>\n<p><a class=\"btn btn-style\" href=\"https:\/\/comorinemuritoare.ro\/bLOGOS\/pomenirea-celui-dintre-sfinti-parintele-nostru-ioan-gura-de-aur-hrisostomul-arhiepiscopul-constantinopolului\/\">Continue Reading&#8230;<\/a><\/p>\n","protected":false},"author":1,"featured_media":0,"comment_status":"open","ping_status":"open","sticky":false,"template":"","format":"standard","meta":{"footnotes":""},"categories":[17],"tags":[],"class_list":["post-7722","post","type-post","status-publish","format-standard","hentry","category-patericale"],"_links":{"self":[{"href":"https:\/\/comorinemuritoare.ro\/bLOGOS\/wp-json\/wp\/v2\/posts\/7722","targetHints":{"allow":["GET"]}}],"collection":[{"href":"https:\/\/comorinemuritoare.ro\/bLOGOS\/wp-json\/wp\/v2\/posts"}],"about":[{"href":"https:\/\/comorinemuritoare.ro\/bLOGOS\/wp-json\/wp\/v2\/types\/post"}],"author":[{"embeddable":true,"href":"https:\/\/comorinemuritoare.ro\/bLOGOS\/wp-json\/wp\/v2\/users\/1"}],"replies":[{"embeddable":true,"href":"https:\/\/comorinemuritoare.ro\/bLOGOS\/wp-json\/wp\/v2\/comments?post=7722"}],"version-history":[{"count":0,"href":"https:\/\/comorinemuritoare.ro\/bLOGOS\/wp-json\/wp\/v2\/posts\/7722\/revisions"}],"wp:attachment":[{"href":"https:\/\/comorinemuritoare.ro\/bLOGOS\/wp-json\/wp\/v2\/media?parent=7722"}],"wp:term":[{"taxonomy":"category","embeddable":true,"href":"https:\/\/comorinemuritoare.ro\/bLOGOS\/wp-json\/wp\/v2\/categories?post=7722"},{"taxonomy":"post_tag","embeddable":true,"href":"https:\/\/comorinemuritoare.ro\/bLOGOS\/wp-json\/wp\/v2\/tags?post=7722"}],"curies":[{"name":"wp","href":"https:\/\/api.w.org\/{rel}","templated":true}]}}