{"id":7950,"date":"2011-12-10T14:00:04","date_gmt":"2011-12-10T17:00:04","guid":{"rendered":"http:\/\/comorinemuritoare.ro\/bLOGOS\/?p=7950"},"modified":"2011-12-13T14:31:49","modified_gmt":"2011-12-13T17:31:49","slug":"mul%c8%9bi-chema%c8%9bi-pu%c8%9bini-ale%c8%99i-col-1-12-18-lc-14-16-24","status":"publish","type":"post","link":"https:\/\/comorinemuritoare.ro\/bLOGOS\/mul%c8%9bi-chema%c8%9bi-pu%c8%9bini-ale%c8%99i-col-1-12-18-lc-14-16-24\/","title":{"rendered":"Mul\u021bi chema\u021bi, pu\u021bini ale\u0219i (Col.1, 12-18; Lc.14, 16-24)"},"content":{"rendered":"<p style=\"text-align: justify;\"><em><strong>Sf. Teofan Z\u0103vor\u00e2tul<\/strong><\/em><\/p>\n<p style=\"text-align: justify;\"><a href=\"http:\/\/comorinemuritoare.ro\/bLOGOS\/wp-content\/uploads\/2011\/12\/pilda-cinei-celei-mari-Mihai-Coman-Sf.-Grigorie-Palama.jpg\"><img loading=\"lazy\" decoding=\"async\" class=\"alignright size-full wp-image-7974\" title=\"pilda-cinei-celei-mari-Mihai-Coman-Sf.-Grigorie-Palama\" src=\"http:\/\/comorinemuritoare.ro\/bLOGOS\/wp-content\/uploads\/2011\/12\/pilda-cinei-celei-mari-Mihai-Coman-Sf.-Grigorie-Palama.jpg\" alt=\"\" width=\"340\" height=\"198\" srcset=\"https:\/\/comorinemuritoare.ro\/bLOGOS\/wp-content\/uploads\/2011\/12\/pilda-cinei-celei-mari-Mihai-Coman-Sf.-Grigorie-Palama.jpg 340w, https:\/\/comorinemuritoare.ro\/bLOGOS\/wp-content\/uploads\/2011\/12\/pilda-cinei-celei-mari-Mihai-Coman-Sf.-Grigorie-Palama-300x174.jpg 300w\" sizes=\"auto, (max-width: 340px) 100vw, 340px\" \/><\/a>Chema\u021bi sunt to\u021bi cre\u0219tinii, iar ale\u0219i, aceia dintre cre\u0219tini care au at\u00e2t credin\u021b\u0103, c\u00e2t \u0219i via\u021b\u0103 cre\u0219tineasc\u0103. \u00cen primele timpuri ale cre\u0219tinismului, la credin\u021b\u0103 oamenii erau chema\u021bi prin propov\u0103duire; noi suntem chema\u021bi prin \u00eens\u0103\u0219i na\u0219terea noastr\u0103 \u0219i prin cre\u0219terea primit\u0103 \u00eentre cre\u0219tini. \u0218i slav\u0103 lui Dumnezeu! O jum\u0103tate din drum, adic\u0103 intrarea \u00een cre\u0219tinism \u0219i \u00eenr\u0103d\u0103cinarea temeiurilor  acestuia \u00een inima noastr\u0103, ce are loc \u00eenc\u0103 din copil\u0103rie, o str\u0103batem f\u0103r\u0103 osteneal\u0103. Credin\u021ba noastr\u0103, ne-am sim\u021bi \u00eendemna\u021bi s\u0103 credem, ar trebui s\u0103 fie cu at\u00e2t mai puternic\u0103, iar via\u021ba cu at\u00e2t mai vrednic\u0103 de chemare.<br \/>\nA\u0219a a \u0219i fost, \u00eens\u0103 de c\u00e2tva timp lucrurile s-au schimbat la noi. \u00cen educa\u021bia \u0219colar\u0103 sunt \u00eeng\u0103duite principii necre\u0219tine, care \u00eei stric\u0103 pe tineri; \u00een societate au p\u0103truns obiceiuri necre\u0219tine\u0219ti, care pervertesc pe ace\u0219tia \u00een continuare, dup\u0103 ie\u0219irea din \u0219coal\u0103, \u0219i nu e lucru de mirare dac\u0103 ale\u0219ii fiind dintotdeauna pu\u021bini, dup\u0103 cuv\u00e2ntul lui Dumnezeu, \u00een vremea noastr\u0103 ei sunt \u0219i mai pu\u021bini. Acesta este duhul veacului \u2013 anticre\u0219tinesc! Ce va fi mai departe? Dac\u0103 la noi nu se vor schimba mijloacele de educa\u021bie \u0219i obiceiurile societ\u0103\u021bii, adev\u0103ratul cre\u0219tinism va sl\u0103bi din ce \u00een ce mai mult, iar \u00een cele din urm\u0103 se va stinge de tot; va r\u0103m\u00e2ne doar numele  de cre\u0219tin, \u00eens\u0103 duh cre\u0219tinesc nu va mai fi.<br \/>\nDuhul lumesc umple toate.<br \/>\nCe este de f\u0103cut? S\u0103 ne rug\u0103m, s\u0103 ne rug\u0103m, s\u0103 ne rug\u0103m, s\u0103 ne rug\u0103m\u2026<\/p>\n<p style=\"text-align: justify;\"><em>T\u00e2lcuiri din Sf\u00e2nta Scriptur\u0103 pentru fiecare zi din an<\/em>, Ed. Sophia, Buc. 1999<\/p>\n","protected":false},"excerpt":{"rendered":"<p>Sf. Teofan Z\u0103vor\u00e2tul Chema\u021bi sunt to\u021bi cre\u0219tinii, iar ale\u0219i, aceia dintre cre\u0219tini care au at\u00e2t credin\u021b\u0103, c\u00e2t \u0219i via\u021b\u0103 cre\u0219tineasc\u0103. \u00cen primele timpuri ale cre\u0219tinismului, la credin\u021b\u0103 oamenii erau chema\u021bi prin propov\u0103duire; noi suntem chema\u021bi prin \u00eens\u0103\u0219i na\u0219terea noastr\u0103 \u0219i prin cre\u0219terea primit\u0103 \u00eentre cre\u0219tini. \u0218i slav\u0103 lui Dumnezeu! O jum\u0103tate din drum, adic\u0103 intrarea&nbsp;<\/p>\n<p><a class=\"btn btn-style\" href=\"https:\/\/comorinemuritoare.ro\/bLOGOS\/mul%c8%9bi-chema%c8%9bi-pu%c8%9bini-ale%c8%99i-col-1-12-18-lc-14-16-24\/\">Continue Reading&#8230;<\/a><\/p>\n","protected":false},"author":1,"featured_media":0,"comment_status":"open","ping_status":"open","sticky":false,"template":"","format":"standard","meta":{"footnotes":""},"categories":[1],"tags":[],"class_list":["post-7950","post","type-post","status-publish","format-standard","hentry","category-editorial"],"_links":{"self":[{"href":"https:\/\/comorinemuritoare.ro\/bLOGOS\/wp-json\/wp\/v2\/posts\/7950","targetHints":{"allow":["GET"]}}],"collection":[{"href":"https:\/\/comorinemuritoare.ro\/bLOGOS\/wp-json\/wp\/v2\/posts"}],"about":[{"href":"https:\/\/comorinemuritoare.ro\/bLOGOS\/wp-json\/wp\/v2\/types\/post"}],"author":[{"embeddable":true,"href":"https:\/\/comorinemuritoare.ro\/bLOGOS\/wp-json\/wp\/v2\/users\/1"}],"replies":[{"embeddable":true,"href":"https:\/\/comorinemuritoare.ro\/bLOGOS\/wp-json\/wp\/v2\/comments?post=7950"}],"version-history":[{"count":0,"href":"https:\/\/comorinemuritoare.ro\/bLOGOS\/wp-json\/wp\/v2\/posts\/7950\/revisions"}],"wp:attachment":[{"href":"https:\/\/comorinemuritoare.ro\/bLOGOS\/wp-json\/wp\/v2\/media?parent=7950"}],"wp:term":[{"taxonomy":"category","embeddable":true,"href":"https:\/\/comorinemuritoare.ro\/bLOGOS\/wp-json\/wp\/v2\/categories?post=7950"},{"taxonomy":"post_tag","embeddable":true,"href":"https:\/\/comorinemuritoare.ro\/bLOGOS\/wp-json\/wp\/v2\/tags?post=7950"}],"curies":[{"name":"wp","href":"https:\/\/api.w.org\/{rel}","templated":true}]}}