{"id":8322,"date":"2013-01-02T18:46:13","date_gmt":"2013-01-02T21:46:13","guid":{"rendered":"http:\/\/comorinemuritoare.ro\/bLOGOS\/?p=8322"},"modified":"2013-01-02T18:59:52","modified_gmt":"2013-01-02T21:59:52","slug":"curajosul-arhimandrit-scriban-din-bucuresti","status":"publish","type":"post","link":"https:\/\/comorinemuritoare.ro\/bLOGOS\/curajosul-arhimandrit-scriban-din-bucuresti\/","title":{"rendered":"Curajosul arhimandrit Scriban din Bucure\u015fti"},"content":{"rendered":"<p style=\"text-align: justify; padding-left: 90px;\"><span style=\"color: #0000ff;\">&#8230;s-a stins din via\u0163\u0103 \u00een ziua de <strong>4 ianuarie 1949, \u00een v\u00e2rst\u0103 de 70 de ani<\/strong>, dup\u0103 ce toat\u0103 aceast\u0103 via\u0163\u0103 \u015fi-o \u00eenchinase Domnului, c\u0103lug\u0103rindu-se.<\/span><\/p>\n<p style=\"text-align: justify;\"><a href=\"http:\/\/comorinemuritoare.ro\/bLOGOS\/wp-content\/uploads\/2012\/01\/Arhim-Scriban-2.jpg\"><img loading=\"lazy\" decoding=\"async\" class=\"alignright size-full wp-image-8323\" title=\"Arhim-Scriban-2\" alt=\"\" src=\"http:\/\/comorinemuritoare.ro\/bLOGOS\/wp-content\/uploads\/2012\/01\/Arhim-Scriban-2.jpg\" width=\"194\" height=\"323\" \/><\/a>Printre primii cei mai curajo\u015fi ap\u0103r\u0103tori ai Oastei Domnului a fost \u015fi arhimandritul Iuliu Scriban din Bucure\u015fti. Acest om sincer \u015fi \u00een\u0163elept era ad\u00e2nc \u00eencredin\u0163at de Duhul Sf\u00e2nt c\u0103 P\u0103rintele Iosif Trifa \u015fi minunata Lucrare duhovniceasc\u0103 \u00eenceput\u0103 prin el erau de la Dumnezeu. \u015ei, fiind con\u00advins deplin de acest adev\u0103r, n-a mai putut fi clintit de pe temelia acesta de nici o putere.<br \/>\n\u00cen clipa c\u00e2nd a\u00adceast\u0103 Lucrare a \u00eenceput s\u0103 se afirme puternic ca o n\u0103dejde de \u00eens\u0103n\u0103to\u015fire a Bisericii \u015fi de \u00eenviere a neamului, acest om, care era \u00eensufle\u0163it numai de aces\u00adte nobile idealuri \u015fi s\u0103ritor \u00een a ap\u0103ra tot ce este bun, s-a ata\u015fat total de ideea Oastei \u015fi de ini\u0163iatorul ei. Ani de zile a s\u0103rit \u00een ap\u0103rarea ei, de fiecare dat\u0103 c\u00e2nd vreun necunosc\u0103tor ori vreun r\u0103ut\u0103cios \u00eendr\u0103znea s-o atace. Cu condeiul s\u0103u ascu\u0163it \u015fi cu inteligen\u0163a sa sclipitoare, p\u0103rintele Iuliu era totdeauna \u00een fruntea ap\u0103r\u0103torilor drept\u0103\u0163ii, ai cur\u0103\u0163iei \u015fi ai adev\u0103rului.<\/p>\n<p style=\"text-align: justify;\">De o v\u00e2rst\u0103 cu cel\u0103lalt mare prieten \u015fi ap\u0103r\u0103tor al Oastei Domnului, cunoscutul scriitor Gala Galaction, el s-a stins din via\u0163\u0103 \u00een ziua de 4 ianuarie 1949, \u00een v\u00e2rst\u0103 de 70 de ani, dup\u0103 ce toat\u0103 aceast\u0103 via\u0163\u0103 \u015fi-o \u00eenchinase Domnului, c\u0103lug\u0103rindu-se.<br \/>\nFiind necru\u0163\u0103tor cu sl\u0103biciunile sale, a luptat cu toat\u0103 puterea s\u0103 le \u00eenl\u0103ture \u015fi din al\u0163ii. Ur\u00e2nd p\u0103catul de pretutindeni, a luptat s\u0103-l \u00eenl\u0103ture mai ales din via\u0163a Bisericii. De aceea el \u015fi-a pus toat\u0103 puterea min\u0163ii \u015fi a inimii lui \u00een slujba \u00eens\u0103n\u0103to\u015firii morale a ob\u015ftii noastre duhovnice\u015fti, a societ\u0103\u0163ii noastre cre\u015ftine. De la \u00eenceputul Primului R\u0103zboi Mondial \u015fi p\u00e2n\u0103 la terminarea celui de-al doilea, aproape n-a fost zi \u00een care s\u0103 nu-i r\u0103sune glasul scrisului s\u0103u \u00een vreuna sau mai multe publica\u0163ii, at\u00e2t biserice\u015fti, c\u00e2t \u015fi laice, \u00een ap\u0103rarea vreunui adev\u0103r sau \u00een os\u00e2ndirea vreunei minciuni. \u00cen sprijinul vreunei nevinov\u0103\u0163ii \u015fi \u00een judecarea vreunei nedrept\u0103\u0163i.<!--more--><\/p>\n<p style=\"text-align: justify;\">Se cuvine s\u0103 amintim aici unele din frumoasele sale scrieri de apreciere a Lucr\u0103rii Oastei Domnului \u015fi a rolului ei providen\u0163ial \u00een via\u0163a poporului nostru \u015fi a Bisericii noastre. Iat\u0103, de pild\u0103, ce scria el \u00een iunie 1933: <em>\u201eOrice om de bine, doritor de sporul \u015fi cur\u0103\u0163ia poporului nostru, ar trebui s\u0103 priveasc\u0103 cu vie tres\u0103ltare vestea fericit\u0103 despre lucrarea minunat\u0103 a Oastei Domnului\u2026 Aceasta este o mare izb\u00e2nd\u0103 pentru \u00eenflorirea duhovniceasc\u0103 a Bisericii \u015fi pentru binele \u0163\u0103rii noastre \u00eentregi\u2026 Binefacerile acestea se revars\u0103 ca o man\u0103 cereasc\u0103 asupra \u00eentregului nostru popor. Prin nici o alt\u0103 lucrare omeneasc\u0103 nu s-a mai putut face o asemenea oper\u0103 minunat\u0103 ca prin aceasta a Oastei Domnului.<br \/>\nSe \u00een\u0163elege c\u0103 noi nu dispre\u0163uim nici eforturile altora, care sunt \u00eensufle\u0163i\u0163i de g\u00e2nduri nobile pentru poporul \u015fi Biserica noastr\u0103, dar ceea ce se face prin Oas\u00adtea Domnului este incomparabil mai mult dec\u00e2t s-a putut face p\u00e2n\u0103 acum de to\u0163i ace\u015ftia la un loc\u2026 V\u0103z\u00e2nd<\/em> <em>acestea, mul\u0163umirea mea este mare c\u00e2nd trebuie s\u0103 lupt cu nemernicii care stau \u00eempotriva Oastei Domnului sau \u00eempotriva oric\u0103rei lucr\u0103ri de \u00eemprosp\u0103tare a Bisericii\u2026\u201d (Seceri\u015ful Oastei Domnului,<\/em> \u00een \u00abOastea Domnului\u00bb, nr. 23\/1933)<\/p>\n<p style=\"text-align: justify;\">Iat\u0103, de asemenea, ce scria el \u00een ap\u0103rarea P\u0103rintelui Iosif \u00een vremea c\u00e2nd i se f\u0103ceau acestuia cele mai mari nedrept\u0103\u0163i:<br \/>\n<em>\u201e\u2026Ceea ce a f\u0103cut preotul Iosif Trifa pentru Biserica poporului nostru \u00eenc\u0103 n-a putut face nimeni p\u00e2n\u0103 acum\u2026 De aceea, oricine se ridic\u0103 \u00eempotriva lui face un r\u0103u \u00eens\u0103\u015fi Bisericii \u015fi neamului nostru\u2026 Ceea ce a \u00eentemeiat el este un A\u015fez\u0103m\u00e2nt curat pentru Biserica Rom\u00e2neasc\u0103 \u015fi aceasta va tr\u0103i \u015fi va rodi tot mai frumos, peste toate \u00eempotrivirile celor neputincio\u015fi \u015fi r\u00e2io\u015fi\u2026 \u00cenc\u0103 pu\u0163in \u015fi se va vedea tot mai minunat\u0103 p\u0103\u015firea \u00eenainte a Oastei Domnului\u2026 roadele ei tot mai multe \u015fi mai largi \u00een poporul \u015fi credin\u0163a noastr\u0103. Atunci \u00een\u015fi\u015fi vr\u0103jma\u015fii ei vor apleca ochii \u015fi capul, recunosc\u00e2nd cu bucurie \u015fi mul\u0163umire c\u0103 avem o Oaste a Domnului\u2026 Fie asta o m\u00e2ng\u00e2iere \u015fi o \u00eent\u0103rire pentru p\u0103rintele Iosif Trifa acum, \u00een vremea \u00eencerc\u0103rii sale\u2026\u201d<\/em><\/p>\n<p style=\"text-align: justify;\">Cum \u00eens\u0103, cu timpul, puterile potrivnice care se ridicaser\u0103 \u00eempotriva profetului sf\u00e2nt \u015fi a ini\u0163iativei sale erau cu mult mai mari dec\u00e2t puterea zelosului ap\u0103r\u0103tor \u2013 p\u0103rintele Scriban, sl\u0103bit \u015fi bolnav, v\u0103z\u00e2ndu-se dep\u0103\u015fit de evenimente \u015fi de vr\u0103jma\u015fi, s-a resemnat \u00een rug\u0103ciune \u015fi \u00een t\u0103cere, \u00eencredin\u0163\u00e2nd puterii \u015fi judec\u0103\u0163ii lui Dumnezeu ap\u0103rarea acestei sfinte victime \u015fi pedepsirea uciga\u015filor ei.<\/p>\n<p style=\"text-align: justify;\">La moartea sa, p\u0103rintele Gala Galaction spunea printre altele despre arhimandritul Iuliu Scriban:<br \/>\n<em>\u201e&#8230;Vremea scrisului s\u0103u a fost vremea c\u00e2nd toat\u0103 c\u0103rtur\u0103ria noastr\u0103 bisericeasc\u0103, toat\u0103 frumuse\u0163ea sacerdotal\u0103 \u015fi toat\u0103 frumuse\u0163ea cuv\u00e2ntului scris \u015fi vorbit apar\u0163ineau s\u0103rb\u0103tore\u015fte m\u0103re\u0163ului Arhimandrit Iuliu Scri\u00adban\u2026 Pana lui, condeiul s\u0103u, acoperea cu torente nesecate toat\u0103 presa noastr\u0103 bisericeasc\u0103 \u015fi o parte din presa civil\u0103. Iuliu Scriban era cel mai mare ziarist al Bisericii Rom\u00e2ne\u015fti, cel mai bine informat teolog, cel mai mare cunosc\u0103tor al lumii biserice\u015fti \u015fi teologice \u015fi de peste hotare, din toate \u0163\u0103rile \u015fi din toate limbile: francez\u0103, german\u0103, italian\u0103, englez\u0103, neogreac\u0103, rus\u0103, bulgar\u0103\u2026<\/em><\/p>\n<p style=\"text-align: justify;\"><em>\u2026Te-ai devotat Bisericii Domnului din copil\u0103rie. Pe fruntea ta s-a s\u0103dit binecuv\u00e2ntarea\u2026 Ai p\u0103strat credin\u0163a\u2026 ai muncit\u2026 te-ai luptat\u2026 M\u00e2ng\u00e2ierea \u015fi odihna s\u0103-\u0163i fie partea ve\u015fnic\u0103\u2026 partea cuvenit\u0103 slugii credincioase\u2026 slava preafericit\u0103 a Tat\u0103lui \u015fi a Fiului \u015fi a Sf\u00e2ntului Duh. Amin\u2026\u201d<\/em><\/p>\n<p style=\"text-align: justify;\">\u00censu\u015fi P\u0103rintele Iosif a spus despre d\u00e2nsul, \u00een mai multe r\u00e2nduri, frumoase m\u0103rturisiri recunosc\u0103toare \u015fi elogioase aprecieri binemeritate pentru curajul demn \u015fi viteaz \u00een ap\u0103rarea adev\u0103rului, care l-a caracterizat toat\u0103 via\u0163a sa. Astfel \u00een \u00abOastea Domnului\u00bb, nr. 38, din 20 septembrie 1931, scria:<br \/>\n<em>\u201eOastea Domnului a avut de la \u00eenceput foarte mul\u0163i du\u015fmani \u015fi critican\u0163i. Cu adev\u0103rat de la Dumnezeu a fost pentru noi ap\u0103rarea hot\u0103r\u00e2t\u0103 \u015fi vestirea c\u0103lduroas\u0103 pe care ne-a f\u0103cut-o de la \u00eenceput eruditul b\u0103rbat al Bisericii Ortodoxe, Cuv. Sa P\u0103r. Arhimandrit Iuliu Scriban. N-a fost nici un atac mai \u00eensemnat \u00eempotriva Oastei care s\u0103 nu fi primit r\u0103spunsul preaiubitului nostru ap\u0103r\u0103tor\u2026<\/em><\/p>\n<p style=\"text-align: justify;\"><em>\u2026Aduc\u00e2nd la cuno\u015ftin\u0163a fra\u0163ilor osta\u015fi aceast\u0103 ap\u0103rare\u2026 \u00eei trimitem \u015fi din acest loc mul\u0163umirile noastre, asigur\u00e2ndu-l de recuno\u015ftin\u0163a \u015fi dragostea ce i\u2011o p\u0103str\u0103m. Domnul \u015fi St\u0103p\u00e2nul Oastei s\u0103-i r\u0103spl\u0103teasc\u0103 ajutorul cu dar \u015fi r\u0103splat\u0103 de Sus\u2026\u201d<\/em><\/p>\n<p style=\"text-align: justify;\">Din pricina aceasta, socotindu-l \u015fi noi ca un \u00eenainta\u015f vrednic \u015fi ca pe un curajos ap\u0103r\u0103tor al drept\u0103\u0163ii p\u0103rintelui nostru \u015fi al Cauzei Oastei Domnului, \u00eensemn\u0103m aici numele s\u0103u printre numele vrednice a c\u0103ror pomenire o facem cu evlavie ori de c\u00e2te ori ne plec\u0103m \u00eenaintea Dumnezeului nostru cu fric\u0103, cu credin\u0163\u0103 \u015fi cu evlavie, \u00eentru pomenirea binef\u0103c\u0103torilor no\u015ftri.<\/p>\n<p style=\"text-align: justify;\">Domnul Dumnezeul nostru s\u0103-i fac\u0103 parte cu cei mai ale\u015fi ai Lui. Amin.<br \/>\nSl\u0103vit s\u0103 fie Domnul!<\/p>\n<p style=\"text-align: right;\"><strong><em>Traian Dorz,<\/em> <\/strong><em>din <\/em><strong>Ferici\u0163ii no\u015ftri \u00eenainta\u015fi<\/strong><\/p>\n<p style=\"text-align: center;\"><strong><a href=\"http:\/\/comorinemuritoare.ro\/bLOGOS\/wp-content\/uploads\/2012\/01\/Arhim-Scriban-16-nov-1914.jpg\"><img loading=\"lazy\" decoding=\"async\" class=\"aligncenter size-full wp-image-8325\" title=\"Serviciul religios oficiat de arhimandritul Iuliu Scriban cu ocazia depunerii jur\u0103m\u00e2ntului de c\u0103tre cerceta\u015fii rom\u00e2ni - 16 noiembrie 1914 Bucuresti\" alt=\"\" src=\"http:\/\/comorinemuritoare.ro\/bLOGOS\/wp-content\/uploads\/2012\/01\/Arhim-Scriban-16-nov-1914.jpg\" width=\"1100\" height=\"632\" srcset=\"https:\/\/comorinemuritoare.ro\/bLOGOS\/wp-content\/uploads\/2012\/01\/Arhim-Scriban-16-nov-1914.jpg 1100w, https:\/\/comorinemuritoare.ro\/bLOGOS\/wp-content\/uploads\/2012\/01\/Arhim-Scriban-16-nov-1914-300x172.jpg 300w, https:\/\/comorinemuritoare.ro\/bLOGOS\/wp-content\/uploads\/2012\/01\/Arhim-Scriban-16-nov-1914-1024x588.jpg 1024w\" sizes=\"auto, (max-width: 1100px) 100vw, 1100px\" \/><\/a><br \/>\n<\/strong><\/p>\n","protected":false},"excerpt":{"rendered":"<p>&#8230;s-a stins din via\u0163\u0103 \u00een ziua de 4 ianuarie 1949, \u00een v\u00e2rst\u0103 de 70 de ani, dup\u0103 ce toat\u0103 aceast\u0103 via\u0163\u0103 \u015fi-o \u00eenchinase Domnului, c\u0103lug\u0103rindu-se. Printre primii cei mai curajo\u015fi ap\u0103r\u0103tori ai Oastei Domnului a fost \u015fi arhimandritul Iuliu Scriban din Bucure\u015fti. Acest om sincer \u015fi \u00een\u0163elept era ad\u00e2nc \u00eencredin\u0163at de Duhul Sf\u00e2nt c\u0103 P\u0103rintele&nbsp;<\/p>\n<p><a class=\"btn btn-style\" href=\"https:\/\/comorinemuritoare.ro\/bLOGOS\/curajosul-arhimandrit-scriban-din-bucuresti\/\">Continue Reading&#8230;<\/a><\/p>\n","protected":false},"author":1,"featured_media":0,"comment_status":"open","ping_status":"open","sticky":false,"template":"","format":"standard","meta":{"footnotes":""},"categories":[65],"tags":[],"class_list":["post-8322","post","type-post","status-publish","format-standard","hentry","category-inaintasi"],"_links":{"self":[{"href":"https:\/\/comorinemuritoare.ro\/bLOGOS\/wp-json\/wp\/v2\/posts\/8322","targetHints":{"allow":["GET"]}}],"collection":[{"href":"https:\/\/comorinemuritoare.ro\/bLOGOS\/wp-json\/wp\/v2\/posts"}],"about":[{"href":"https:\/\/comorinemuritoare.ro\/bLOGOS\/wp-json\/wp\/v2\/types\/post"}],"author":[{"embeddable":true,"href":"https:\/\/comorinemuritoare.ro\/bLOGOS\/wp-json\/wp\/v2\/users\/1"}],"replies":[{"embeddable":true,"href":"https:\/\/comorinemuritoare.ro\/bLOGOS\/wp-json\/wp\/v2\/comments?post=8322"}],"version-history":[{"count":0,"href":"https:\/\/comorinemuritoare.ro\/bLOGOS\/wp-json\/wp\/v2\/posts\/8322\/revisions"}],"wp:attachment":[{"href":"https:\/\/comorinemuritoare.ro\/bLOGOS\/wp-json\/wp\/v2\/media?parent=8322"}],"wp:term":[{"taxonomy":"category","embeddable":true,"href":"https:\/\/comorinemuritoare.ro\/bLOGOS\/wp-json\/wp\/v2\/categories?post=8322"},{"taxonomy":"post_tag","embeddable":true,"href":"https:\/\/comorinemuritoare.ro\/bLOGOS\/wp-json\/wp\/v2\/tags?post=8322"}],"curies":[{"name":"wp","href":"https:\/\/api.w.org\/{rel}","templated":true}]}}