{"id":8351,"date":"2013-01-03T13:31:11","date_gmt":"2013-01-03T16:31:11","guid":{"rendered":"http:\/\/comorinemuritoare.ro\/bLOGOS\/?p=8351"},"modified":"2013-01-03T14:07:18","modified_gmt":"2013-01-03T17:07:18","slug":"gheorghe-munteanu-din-batiz-%e2%80%93-hunedoara","status":"publish","type":"post","link":"https:\/\/comorinemuritoare.ro\/bLOGOS\/gheorghe-munteanu-din-batiz-%e2%80%93-hunedoara\/","title":{"rendered":"GHEORGHE MUNTEANU din Batiz \u2013 Hunedoara"},"content":{"rendered":"<p style=\"text-align: justify; padding-left: 120px;\"><span style=\"color: #0000ff;\"><em>S-a stins \u00een spitalul din Deva, \u00een diminea\u0163a zilei de <strong>4 ianuarie 1937<\/strong>. <\/em><\/span><em><span style=\"color: #0000ff;\">Vestea plec\u0103rii lui ne-a umplut de durere. Dragul nostru frate era \u00een plin\u0103 via\u0163\u0103 \u015fi activitate duhovniceasc\u0103&#8230;<\/span> <\/em><strong><span style=\"color: #0000ff;\"><em>\u00cenmorm\u00e2ntarea sa a fost \u00een ziua de Boboteaz\u0103, 1937<\/em><\/span><\/strong><\/p>\n<p style=\"text-align: justify;\"><a href=\"http:\/\/comorinemuritoare.ro\/bLOGOS\/wp-content\/uploads\/2012\/01\/Gh-Munteanu.jpg\"><img loading=\"lazy\" decoding=\"async\" class=\"alignright size-full wp-image-8352\" title=\"Gh-Munteanu\" alt=\"\" src=\"http:\/\/comorinemuritoare.ro\/bLOGOS\/wp-content\/uploads\/2012\/01\/Gh-Munteanu.jpg\" width=\"169\" height=\"243\" \/><\/a>S-a n\u0103scut \u00een anul 1895, \u00een satul Batiz \u015fi a fost singurul fiu al p\u0103rin\u0163ilor s\u0103i, Gheorghe \u015fi Firu\u0163a.<br \/>\nFratele Gheorghe Munteanu a fost printre primii osta\u015fi ai Domnului din Hunedoara, care a devenit \u00een cur\u00e2nd jude\u0163ul Oastei. Din primele zi\u00adle c\u00e2nd i-a c\u0103zut \u00een m\u00e2n\u0103 foaia \u00abLumina Satelor\u00bb scris\u0103 de P\u0103rintele Iosif, inima lui s-a ata\u015fat total fa\u0163\u0103 de p\u0103rintele \u015fi de Lucrarea Oastei Domnului.<br \/>\nMama sa, Firu\u0163a, a fost o femeie evlavioas\u0103 \u015fi \u015fi-a crescut pe singurul ei fiu \u00een frica \u015fi ascultarea lui Dumnezeu, a\u015fa c\u0103 \u00eentoarcerea lui la Domnul a fost ca o urmare normal\u0103 a cre\u015fterii primite din copil\u0103ria sa. S-a \u00eenscris \u00een Oastea Domnului \u00eenc\u0103 din primii ani ai Oastei, printre cei dint\u00e2i osta\u015fi hunedoreni.<\/p>\n<p style=\"text-align: justify;\">\u00cenc\u0103 din primele zile dup\u0103 hot\u0103r\u00e2rea sa, a \u00eenceput o puternic\u0103 lucrare pentru r\u0103sp\u00e2ndirea Cuv\u00e2ntului Sf\u00e2nt \u015fi \u00eentoarcerea la Dumnezeu, at\u00e2t \u00een satul natal, c\u00e2t \u015fi \u00een toate satele din jur \u015fi p\u00e2n\u0103 departe, vestind Lucrarea Oastei Domnului \u015fi chem\u00e2nd sufletele s\u0103 se \u00eentoarc\u0103 la Dumnezeu. Chem\u0103rile lui la Domnul erau pline de pilde \u015fi \u00eent\u00e2mpl\u0103ri din via\u0163a sa, toate av\u00e2nd un puternic \u00een\u0163eles duhovnicesc \u015fi fiind ascultate cu mult\u0103 luare aminte \u015fi dragoste de c\u0103tre to\u0163i. \u00cen multe din aceste cuv\u00e2nt\u0103ri vorbea cu recuno\u015ftin\u0163\u0103 despre mama lui credincioas\u0103, despre grija cu care l-a \u00eendemnat ea c\u0103tre Dumnezeu, despre asprimea cu care \u00eel ferea ea de orice obicei r\u0103u \u015fi despre felul duios \u00een care \u00eel \u00eenv\u0103\u0163a s\u0103 se roage \u015fi s\u0103 \u00eemplineasc\u0103 voia lui Dumnezeu.<br \/>\nFratele Gheorghe s-a c\u0103s\u0103torit \u00een anul 1918 cu so\u0163ia sa Maria. Au avut \u00eempreun\u0103 patru copii. Sora M\u0103riuca este cea mai mare, n\u0103scut\u0103 \u00een 1919. Dup\u0103 ce a crescut mai mare, ea a \u00eenceput s\u0103-l urmeze pe tat\u0103l ei prin toate adun\u0103rile, spun\u00e2nd mi\u015fc\u0103toare poezii care storceau lacrimi din ochii tuturor celor ce ascultau.<!--more--><\/p>\n<p style=\"text-align: justify;\">Adeseori aceste poezii erau scrise chiar de fratele Gheorghe, tat\u0103l ei, \u015fi publicate de P\u0103rintele Iosif prin foile Oastei Domnului. Iar la urm\u0103 au fost str\u00e2nse \u00een\u00adtr\u2011un volum, anume \u00abIisus ne-mbie crucea\u00bb \u2013 titlu al unei poezii care a \u015fi devenit una dintre cele mai frumoase c\u00e2nt\u0103ri ale Oastei. Multe dintre poeziile fratelui Gheorghe au primit frumoase melodii din mijlocul fra\u0163ilor \u015fi se mai c\u00e2nt\u0103 \u015fi azi cu pl\u0103cere \u015fi bucurie ne\u00eentrecut\u0103. \u00cen c\u0103l\u0103toriile sale misionare, mergea deseori \u015fi cu evlavie la Sibiu. P\u0103rintele Iosif \u00eel primea mereu cu o mare dragoste \u015fi bucurie, pre\u0163uindu-l nespus de mult din pricina r\u00e2vnei sale pentru Domnul \u015fi a dragostei sale pentru fra\u0163i. Din st\u0103rile de vorb\u0103 cu P\u0103rintele Iosif, fratele Gheorghe a \u00eenv\u0103\u0163at multe lucruri scumpe, iar apoi le ducea \u015fi le \u00eemp\u0103rt\u0103\u015fea cu bucurie tuturor fra\u0163ilor pe unde ajungea.<br \/>\nA fost un harnic lucr\u0103tor al Oastei Domnului, cutrier\u00e2nd toate satele din jurul C\u0103lanului, p\u00e2n\u0103 la Ilia \u015fi mai departe apoi, spre Arad, \u015fi p\u00e2n\u0103 la Ha\u0163eg \u015fi Petro\u015fani. Prin anii 1934-\u201935, fratele Gheorghe \u015fi-a zidit o cas\u0103 familial\u0103 la Batiz, spun\u00e2nd: \u201eCamera dinspre strad\u0103 s\u0103 fie mai mare, pentru adun\u0103rile fr\u0103\u0163e\u015fti\u2026\u201d \u015ei prima adunare \u00een ea a fost pentru privegherea \u015fi \u00eenmorm\u00e2ntarea lui din ianuarie 1937.<br \/>\nCu ocazia aceasta, \u00een foaia \u00abIsus Biruitorul\u00bb din Sibiu, P\u0103rintele Iosif a publicat urm\u0103toarele:<\/p>\n<p style=\"text-align: justify;\"><strong><em>\u201eA trecut la Domnul fratele Gheorghe Munteanu din Batiz<\/em><\/strong><br \/>\n<em>Sunt 4 s\u0103pt\u0103m\u00e2ni de c\u00e2nd c\u0103zuse bolnav, \u00eendat\u0103 dup\u0103 adunarea de la Gura-Sada, ultima adunare la care a participat. O r\u0103ceal\u0103 i-a cuprins vasul de lut \u015fi boala a trecut pe urm\u0103 \u00eentr-un tifos greu. S-a stins \u00een spitalul din Deva, \u00een diminea\u0163a zilei de 4 ianuarie 1937. <\/em><em>Vestea plec\u0103rii lui ne-a umplut de durere. Dragul nostru frate era \u00een plin\u0103 via\u0163\u0103 \u015fi activitate duhovniceasc\u0103. M\u0103rturie despre aceasta este ost\u0103\u015fia lui de 10 ani. Ca un viteaz al Domnului, ca un erou al Domnului, a colindat mereu satele \u015fi ora\u015fele, vestindu-L pe tot locul pe Iisus cel R\u0103stignit. Era un suflet care \u00cel aflase pe Iisus cel R\u0103stignit \u015fi \u00cel propov\u0103duia cu foc \u015fi altora. Pe acest Iisus L-a iubit el \u015fi L-a vestit cu foc prin sate \u015fi ora\u015fe.<\/em><\/p>\n<p style=\"text-align: justify;\"><em>Cu Acest Iisus a alergat prin mii de adun\u0103ri. Sub crucea Lui a pl\u00e2ns \u015fi i-a \u00eembiat \u015fi pe al\u0163ii cu aceast\u0103 cruce. Sub crucea lui Iisus a pl\u00e2ns mereu \u015fi scumpa lui feti\u0163\u0103, iubita noastr\u0103 sor\u0103 Maria, care \u00eel \u00eenso\u0163ea pe la adun\u0103ri, cutremur\u00e2nd toate sufletele cu focul ei \u015fi cu lacrimile ei pentru Domnul, spun\u00e2nd at\u00e2t de minunate poezii \u015fi rug\u0103ciuni. Pe Acest Iisus L-a c\u00e2ntat el \u015fi \u00een poeziile sale dulci \u015fi duioase\u2026 pentru Iisus \u015fi-a cheltuit el via\u0163a sa, ostenind \u015fi merg\u00e2nd pretutindeni, s\u0103 spun\u0103 tuturor c\u00e2ntarea cea dulce care a \u00eenv\u0103\u0163at-o la picioarele Crucii: \u00abO, \u0162ara mea, o, Domnul meu \/ o, Ve\u015fnicule Dumnezeu\u00bb. <\/em><em>Oastea Domnului \u00een jude\u0163ul Hunedoara, \u00een o bun\u0103 parte, s-a l\u0103\u0163it \u015fi s-a \u00eent\u0103rit prin r\u00e2vna \u015fi jertfa acestui devotat lupt\u0103tor al Domnului. Vom spicui aici la foaie, pe larg, tot ce a f\u0103cut acest lupt\u0103tor al Domnului, pentru a fi pild\u0103 vie pentru to\u0163i lupt\u0103torii Domnului.<br \/>\nPlecarea dragului nostru frate Gheorghe ne doare. \u00cel pl\u00e2nge un \u0163inut \u00eentreg, \u00eel pl\u00e2ng fra\u0163ii pe care i-a de\u015fteptat el pentru Domnul \u015fi care l-au avut ca pe un frate \u015fi p\u0103rinte drag, \u00eel pl\u00e2ngem cu to\u0163ii, Oastea din toat\u0103 \u0163ara. Ne m\u00e2ng\u00e2ie \u00eens\u0103 g\u00e2ndul c\u0103 dragul nostru a trecut la Domnul duc\u00e2nd cu el lupta cea bun\u0103. Solia mor\u0163ii l-a aflat pe c\u00e2mpul de lupt\u0103. Moartea l-a aflat \u00een plin\u0103 via\u00ad\u0163\u0103 \u015fi l-a trecut la via\u0163\u0103. Domnul s\u0103 m\u00e2ng\u00e2ie \u015fi s\u0103 \u00eent\u0103reasc\u0103 pe cei ce r\u0103m\u00e2n dup\u0103 el (o so\u0163ie \u015fi doi copii). \u00cengrop\u0103ciunea se va face acum, \u00een ziua Botezului. Se vor str\u00e2nge fra\u0163i din toate p\u0103r\u0163ile. Va merge \u015fi o delega\u0163ie de la Sibiu. Despre \u00eengrop\u0103ciune vom scrie pe larg. \u00cen veci s\u0103 fie pomenirea \u015fi pilda preaiubitului nostru lupt\u0103tor.\u201d<\/em><\/p>\n<p style=\"text-align: justify;\">La \u00eenmorm\u00e2ntare au fost foarte mul\u0163i fra\u0163i. Au vorbit 3 preo\u0163i \u015fi 2 fra\u0163i. Fratele Dini\u015f, notar din Gura-Sada, a spus: <em>\u201e&#8230;Am avut cele mai pl\u0103cute leg\u0103turi suflete\u015fti \u00een ce prive\u015fte lucrul Domnului&#8230; Au trecut abia c\u00e2teva s\u0103pt\u0103m\u00e2ni de la adunarea plin\u0103 de bucurii din Gura-Sada, unde l-am avut \u015fi pe el \u00eentre noi. Venea la Gura-Sada totdeauna cu bucurie. Aceasta a fost ultima adunare, aici a fost ultimul front unde a luptat cu b\u0103rb\u0103\u0163ie. Din casa mea a plecat \u00een miez de noapte, istovit de truda luptei. Totdeauna a venit la noi de c\u00e2te ori l-am chemat, m\u00e2nat de o dragoste curat\u0103 \u015fi plin de via\u0163\u0103. \u015etia c\u0103 are aici ascult\u0103tori care \u00eei sorbeau \u00eenv\u0103\u0163\u0103turile ce le rostea cu duh. Dragostea neschimbat\u0103 ce o avea fa\u0163\u0103 de biserica veche din Gura-Sada, \u00een care s-a \u00eemp\u0103rt\u0103\u015fit cu at\u00e2ta smerenie cu Sfintele Taine ultima dat\u0103, cinstea fa\u0163\u0103 de preotul b\u0103tr\u00e2n \u015fi simpatia satului nostru frumos \u00eel aduceau cu pl\u0103cere la noi. Nu se putea desp\u0103r\u0163i de bucuria vestirii Cuv\u00e2ntului lui Dumnezeu. \u015ei, dup\u0103 ce se termina adunarea public\u0103, avea o pl\u0103cere dumnezeiasc\u0103 s\u0103 vesteasc\u0103 pe Iisus \u015fi \u00een cerc mai restr\u00e2ns, la mine acas\u0103 \u015fi \u00een edificiul notarial&#8230;<\/em><\/p>\n<p style=\"text-align: justify;\"><em>\u00cen noaptea de 20 noiembrie 1936 a plecat s\u0103 preg\u0103teasc\u0103 alte adun\u0103ri, dintre care ne-a promis \u015fi cea de la Batiz. \u015ei adunarea care s-a f\u0103cut la el acas\u0103 \u00een 6 ianuarie a fost adunarea \u00eentregii familii a Oastei Domnului din Hunedoara. A fost o adunare plin\u0103 de lacrimi.<br \/>\n&#8230;Din tinere\u0163ea lui \u015fi p\u00e2n\u0103 la sf\u00e2r\u015fitul vie\u0163ii, fratele Gheorghe \u015fi-a pus de bun\u0103voie \u00een slujba Domnului tot ce a avut. A cutreierat \u00eentreg jude\u0163ul \u015fi partea cea mai \u00eensemnat\u0103 a \u0163\u0103rii, duc\u00e2nd solia sf\u00e2nt\u0103 \u015fi chem\u00e2nd la Domnul pe to\u0163i c\u00e2\u0163i \u00eei \u00eent\u00e2lnea \u00een cale. \u00cen aceast\u0103 slujb\u0103 sf\u00e2nt\u0103, moartea l-a chemat la Domnul&#8230;<\/em><\/p>\n<p style=\"text-align: justify;\"><em>Pentru noi, osta\u015fii Domnului, moartea este o n\u0103dejde fericit\u0103. A plecat la Domnul cu g\u00e2ndul \u00eemp\u0103cat \u015fi \u015fi-a \u00eemplinit rostul vie\u0163ii ca un bun osta\u015f al lui Hristos. R\u0103nit \u00een b\u0103t\u0103lia sf\u00e2nt\u0103, a c\u0103zut la pat, a suferit atunci dureri cumplite, dar a r\u0103bdat sprijinit de Sf. Scriptur\u0103 p\u00e2n\u0103 ce Domnul l-a chemat la Sine. Ne m\u00e2ng\u00e2iem cu credin\u0163a adev\u0103rului c\u0103 sufletul fratelui nostru este primit de glasul bl\u00e2nd al Scumpului nostru M\u00e2ntuitor Iisus: \u00abBine, slug\u0103 bun\u0103 \u015fi credincioas\u0103, intr\u0103 \u00een bucurie Domnului t\u0103u\u00bb&#8230;<br \/>\n\u00cenmorm\u00e2ntarea sa a fost \u00een ziua de Boboteaz\u0103, 1937.\u201d<\/em><\/p>\n<p style=\"text-align: center;\"><em><a href=\"http:\/\/comorinemuritoare.ro\/bLOGOS\/wp-content\/uploads\/2012\/01\/Gh-Munteanu-Batiz-IB-3-37.jpg\"><img decoding=\"async\" class=\"aligncenter size-full wp-image-8353\" title=\"Gh-Munteanu,-Batiz-(IB-3,-'37)\" alt=\"\" src=\"http:\/\/comorinemuritoare.ro\/bLOGOS\/wp-content\/uploads\/2012\/01\/Gh-Munteanu-Batiz-IB-3-37.jpg\" width=\"100%\" srcset=\"https:\/\/comorinemuritoare.ro\/bLOGOS\/wp-content\/uploads\/2012\/01\/Gh-Munteanu-Batiz-IB-3-37.jpg 400w, https:\/\/comorinemuritoare.ro\/bLOGOS\/wp-content\/uploads\/2012\/01\/Gh-Munteanu-Batiz-IB-3-37-300x170.jpg 300w\" sizes=\"(max-width: 400px) 100vw, 400px\" \/><\/a><br \/>\n<\/em><\/p>\n<p style=\"text-align: justify;\">Via\u0163a fratelui Gheorghe Munteanu r\u0103m\u00e2ne \u00eenc\u0103 o pild\u0103 neuitat\u0103 \u015fi luminoas\u0103 despre lupta \u015fi jertfa primilor no\u015ftri fra\u0163i. Domnul s\u0103 \u00eendrepte toate inimile celor din viitor spre pilda Domnului \u015fi M\u00e2ntuitorului nostru Iisus Hristos, iar prin El, spre ale tuturor p\u0103rin\u0163ilor \u015fi fra\u0163ilor no\u015ftri vrednici, care au p\u0103\u015fit a\u015fa de frumos pe urmele Lui. S\u0103 c\u0103ut\u0103m s\u0103 le fim cu adev\u0103rat urma\u015fi tot a\u015fa de vrednici de Domnul nostru Iisus cum au fost ei, \u00eenainta\u015fii no\u015ftri \u00een El. Doamne Dumnezeul nostru, ascult\u0103-ne dorin\u0163a aceasta!<br \/>\nAmin. Sl\u0103vit s\u0103 fie Domnul!<\/p>\n<p style=\"text-align: right;\"><strong><em>Traian Dorz,<\/em> <\/strong><em>din <\/em><strong>Ferici\u0163ii no\u015ftri \u00eenainta\u015fi<\/strong><\/p>\n","protected":false},"excerpt":{"rendered":"<p>S-a stins \u00een spitalul din Deva, \u00een diminea\u0163a zilei de 4 ianuarie 1937. Vestea plec\u0103rii lui ne-a umplut de durere. Dragul nostru frate era \u00een plin\u0103 via\u0163\u0103 \u015fi activitate duhovniceasc\u0103&#8230; \u00cenmorm\u00e2ntarea sa a fost \u00een ziua de Boboteaz\u0103, 1937 S-a n\u0103scut \u00een anul 1895, \u00een satul Batiz \u015fi a fost singurul fiu al p\u0103rin\u0163ilor s\u0103i,&nbsp;<\/p>\n<p><a class=\"btn btn-style\" href=\"https:\/\/comorinemuritoare.ro\/bLOGOS\/gheorghe-munteanu-din-batiz-%e2%80%93-hunedoara\/\">Continue Reading&#8230;<\/a><\/p>\n","protected":false},"author":1,"featured_media":0,"comment_status":"open","ping_status":"open","sticky":false,"template":"","format":"standard","meta":{"footnotes":""},"categories":[65],"tags":[],"class_list":["post-8351","post","type-post","status-publish","format-standard","hentry","category-inaintasi"],"_links":{"self":[{"href":"https:\/\/comorinemuritoare.ro\/bLOGOS\/wp-json\/wp\/v2\/posts\/8351","targetHints":{"allow":["GET"]}}],"collection":[{"href":"https:\/\/comorinemuritoare.ro\/bLOGOS\/wp-json\/wp\/v2\/posts"}],"about":[{"href":"https:\/\/comorinemuritoare.ro\/bLOGOS\/wp-json\/wp\/v2\/types\/post"}],"author":[{"embeddable":true,"href":"https:\/\/comorinemuritoare.ro\/bLOGOS\/wp-json\/wp\/v2\/users\/1"}],"replies":[{"embeddable":true,"href":"https:\/\/comorinemuritoare.ro\/bLOGOS\/wp-json\/wp\/v2\/comments?post=8351"}],"version-history":[{"count":0,"href":"https:\/\/comorinemuritoare.ro\/bLOGOS\/wp-json\/wp\/v2\/posts\/8351\/revisions"}],"wp:attachment":[{"href":"https:\/\/comorinemuritoare.ro\/bLOGOS\/wp-json\/wp\/v2\/media?parent=8351"}],"wp:term":[{"taxonomy":"category","embeddable":true,"href":"https:\/\/comorinemuritoare.ro\/bLOGOS\/wp-json\/wp\/v2\/categories?post=8351"},{"taxonomy":"post_tag","embeddable":true,"href":"https:\/\/comorinemuritoare.ro\/bLOGOS\/wp-json\/wp\/v2\/tags?post=8351"}],"curies":[{"name":"wp","href":"https:\/\/api.w.org\/{rel}","templated":true}]}}