{"id":8901,"date":"2012-02-18T09:59:43","date_gmt":"2012-02-18T12:59:43","guid":{"rendered":"http:\/\/comorinemuritoare.ro\/bLOGOS\/?p=8901"},"modified":"2012-02-18T12:01:04","modified_gmt":"2012-02-18T15:01:04","slug":"cuvant-despre-infricosata-judecata","status":"publish","type":"post","link":"https:\/\/comorinemuritoare.ro\/bLOGOS\/cuvant-despre-infricosata-judecata\/","title":{"rendered":"Cuv\u00e2nt despre \u00cenfrico\u015fata Judecat\u0103"},"content":{"rendered":"<p style=\"text-align: justify;\">de <strong><em>Arh. Arsenie Papacioc<\/em><\/strong><\/p>\n<p style=\"text-align: justify;\"><a href=\"http:\/\/comorinemuritoare.ro\/bLOGOS\/wp-content\/uploads\/2012\/02\/a-Judecata-de-Apoi.01a.jpg\"><img loading=\"lazy\" decoding=\"async\" class=\"size-full wp-image-8902 alignleft\" title=\"a Judecata de Apoi.01a\" src=\"http:\/\/comorinemuritoare.ro\/bLOGOS\/wp-content\/uploads\/2012\/02\/a-Judecata-de-Apoi.01a.jpg\" alt=\"\" width=\"243\" height=\"397\" srcset=\"https:\/\/comorinemuritoare.ro\/bLOGOS\/wp-content\/uploads\/2012\/02\/a-Judecata-de-Apoi.01a.jpg 243w, https:\/\/comorinemuritoare.ro\/bLOGOS\/wp-content\/uploads\/2012\/02\/a-Judecata-de-Apoi.01a-183x300.jpg 183w\" sizes=\"auto, (max-width: 243px) 100vw, 243px\" \/><\/a>Ziua judec\u0103\u0163ii: o zi stra\u015fnic\u0103 \u015fi \u00eensp\u0103im\u00e2nt\u0103toare. Nu mai avem de-a face cu Mielul Acela bl\u00e2nd, Care a venit pentru iertare \u015fi r\u0103scump\u0103rare, ci cu un plin de m\u0103rire Judecator, \u00eenconjurat de \u00eengeri. Care va da sentin\u0163a cea grozav\u0103:  \u201eDuceti-va de la Mine!\u201c<br \/>\nO, dar pentru ce \u00eei gone\u015fti, M\u00e2ntuitorule, Tu Care e\u015fti lumina \u015fi acoper\u0103m\u00e2ntul oamenilor? \u015ei unde \u00eei trimi\u0163i, Tu, Care ai venit s\u0103 \u00eei chemi la Tine pe to\u0163i?<br \/>\n\u201eDuce\u0163i-v\u0103, blestema\u0163ilor, \u00een focul cel de veci, care este g\u0103tit diavolului \u015fi \u00eengerilor lui\u201c.<br \/>\nA trecut vremea milei \u015fi a \u00eendur\u0103rii. Acum nu mai au trecere nici lacrimile, acum este judecata nep\u0103s\u0103torilor la poc\u0103in\u0163\u0103. Despar\u0163ire de dumnezeiasca slav\u0103, foc vesnic\u2026<br \/>\nNici cu mintea nu mai inteleg, nici cuvinte pe limba p\u0103m\u00e2nteasc\u0103 nu pot descrie sau \u00eenfa\u0163i\u015fa dezn\u0103dejdea celor ce merg acolo. O, Dumnezeule, Dumnezeule, de at\u00e2tea ori am auzit de munci, de viermele neadormit \u015fi gheen\u0103, de foc neadormit\u2026 \u015ei numai una din ele \u00eensp\u0103imant\u0103 \u015fi pe cel mai nesim\u0163itor \u015fi de rea credin\u0163\u0103. Dar c\u00e2t de \u00eenfrico\u015fate vor fi toate la un loc \u015fi vor fi ve\u015fnice, ve\u015fnice! Foc care nu lumineaz\u0103. C\u0103in\u0163\u0103, c\u0103 ce u\u015for puteai s\u0103 fii \u00een rai.<br \/>\nLumina \u00een rai va fi, nu soarele acesta material, ci, lumina Sfintei Treimi. \u015ei cei care vor fi desp\u0103r\u0163i\u0163i de Dumnezeu vor fi \u00een ad\u00e2nc de \u00eentuneric.<br \/>\nAmarul ce \u00eel vei avea fiind dep\u0103rtat de cei m\u00e2ntui\u0163i, aceast\u0103 mare c\u0103in\u0163\u0103, este viermele neadormit. Dorin\u0163a arz\u0103toare de a sc\u0103pa este setea.<br \/>\nSe produce un amar \u015fi o furie pe ei \u00een\u015fi\u015fi \u015fi aceasta va fi scr\u00e2\u015fnirea din\u0163ilor.<br \/>\nFerice, de mii de ori ferice, de cei care, prin o mic\u0103 venire \u00een fire, se preg\u0103tesc, dup\u0103 cum spune Biserica prin Evanghelii, pentru m\u00e2ntuirea lor.<!--more--><br \/>\nFerice deci de cel care cunoa\u015fte lucrul \u015fi-\u015fi m\u00e2ntuie sufletul, c\u0103ci atunci amar mare va fi. Fiul lui Dumnezeu, rupt de p\u0103catele oamenilor, plin de s\u00e2nge, r\u0103stignit, alungat, scuipat, insultat, lovit cu bice cu plumb, b\u0103tut \u00een cuie pe cruce \u00eentre t\u00e2lhari, \u00eempuns \u00een coast\u0103&#8230; cine le-a f\u0103cut altcineva dec\u00e2t p\u0103catele tale?<br \/>\nCe va zice Dumnezeu Tat\u0103l, p\u0103c\u0103tosule, care nu ai f\u0103cut o c\u00e2t de mic\u0103 c\u0103in\u0163\u0103 la o spovedanie ferm\u0103 \u015fi curat\u0103 \u015fi plin\u0103 de bun\u0103voin\u0163\u0103 din partea unui duhovnic care te-ar fi \u00een\u0163eles?<br \/>\nVa zice Tat\u0103l: \u201eNemul\u0163umi\u0163ilor, via\u0163a Fiului Meu este mai de pre\u0163 dec\u00e2t toate vie\u0163ile \u00eentregii omeniri \u015fi a \u00eengerilor\u2026 \u015fi Eu am jertfit-o. S\u00e2ngele Fiului Meu era cel mai scump m\u0103rg\u0103ritar al raiului \u015fi l-am v\u0103rsat tot pe p\u0103m\u00e2nt. Tu M-ai silit s\u0103-\u0163i \u015fterg p\u0103catele \u015fi tu nu ai vrut s\u0103 \u00een\u0163elegi c\u00e2t\u0103 ur\u0103 am fa\u0163\u0103 de p\u0103cat.<br \/>\nSunt Judec\u0103tor, sunt Tat\u0103. Ca Judec\u0103tor, te judec dup\u0103 dreptatea Mea \u015fi ca Tat\u0103 te judec pentru moartea Fiului Meu\u201c.<br \/>\nDac\u0103 nu ai vrut cu nici un chip s\u0103-\u0163i r\u00e2nduie\u015fti via\u0163a dup\u0103 \u00eenv\u0103\u0163\u0103tura sigur\u0103 a Bisericii, mai po\u0163i n\u0103d\u0103jdui atunci mil\u0103 de la un Judec\u0103tor \u015fi Tat\u0103 ca Acesta?<br \/>\nF\u0103r\u0103 hotar este dragostea pentru Fiul Lui, dar tot f\u0103r\u0103 hotar este ura pentru p\u0103catul de care omul nu s-a poc\u0103it.<br \/>\nNi se cutremur\u0103 sufletele, ne st\u0103 vorbirea pe loc. O, suflete p\u0103c\u0103toase! O, judecata viitoare!<br \/>\nGre\u015felile pentru care vom fi judeca\u0163i se \u00eempart \u00een patru feluri:<br \/>\n1. R\u0103ut\u0103\u0163ile pe care le facem noi;<br \/>\n2. R\u0103ut\u0103\u0163ile pe care le fac al\u0163ii din cauza noastr\u0103;<br \/>\n3. Bun\u0103t\u0103\u0163ile pe care nu le-am f\u0103cut;<br \/>\n4. Bun\u0103t\u0103\u0163ile pe care nu le-au f\u0103cut al\u0163ii, \u00eempiedica\u0163i de noi.<br \/>\nToate, toate, cu tot amanuntul, vor fi cercetate.  Sf\u00e2ntul Grigorie de Nissa spune: \u201eToate c\u00e2te am g\u00e2ndit cu g\u00e2ndul, fie mici, \u015fi cu vorba\u201c. Sf\u00e2ntul Grigorie de Nazianz spune: \u201eDe orice cuv\u00e2nt \u00een plus vom da r\u0103spuns, cu at\u00e2t mai mult, de orice cuv\u00e2nt ru\u015finos \u015fi, cu at\u00e2t mai grozav, de orice cuv\u00e2nt care a r\u0103nit pe cineva, chiar dac\u0103 acela este p\u0103c\u0103tos, c\u0103 \u015fi pentru el s-a r\u0103stignit Domnul Hristos\u201c.<br \/>\nAcolo, atunci nu se va putea ascunde nimic, a\u015fa cum se p\u0103c\u0103le\u015fte aici lumea cu fel \u015fi fel de fe\u0163e, adic\u0103 de \u00eenf\u0103\u0163i\u015f\u0103ri. Sf\u00e2ntul Vasile cel mare spune: \u201eLe vom vedea toate deodat\u0103, a\u015fa cum s-au f\u0103cut\u201c.<br \/>\nA vorbit cineva \u00eempotriva cuiva? Cine ? Nu \u015ftim. Este laud\u0103 adev\u0103rat\u0103 sau f\u0103\u0163\u0103rnicie? Nu \u015ftim. Acolo, atunci se \u015ftiu toate, toate se \u015ftiu, c\u0103 este Dumnezeu Care cunoa\u015fte ascunsurile inimii fiec\u0103ruia.<br \/>\nO, \u00eenfrico\u015fat\u0103 judecat\u0103 a lui Dumnezeu!<br \/>\nO, \u015fi mai \u00eenfrico\u015fat\u0103 hot\u0103r\u00e2re: \u201eMergi \u00een focul cel de veci! Du-te de la Mine, blestematule! Ce nu am f\u0103cut s\u0103 te scap de aceast\u0103 os\u00e2nd\u0103 \u015fi c\u00e2t de vinovat e\u015fti, de chiar pe Mine M\u0103 pui \u00een situa\u0163ia s\u0103 te blestem \u015fi s\u0103 te lipsesc de fa\u0163a Mea\u201c?<br \/>\nAcum asculta\u0163i: pentru toate p\u0103catele omului, Dumnezeu a r\u00e2nduit dou\u0103 judec\u0103\u0163i. Ori aici, cu lacrimi, la duhovnic, care te \u00eentelege, \u015fi p\u0103catele de care te poc\u0103ie\u015fti nu se mai au \u00een vedere la judecat\u0103, c\u0103 mila Domnului te iart\u0103; ori r\u0103m\u00e2i la judecata cea mare, unde nu te va mai judeca mila Lui, ci dreptatea Lui.<br \/>\nDeci, v\u0103 pun \u00eenainte ap\u0103 \u015fi foc; alege\u0163i pe care voi\u0163i! Amin.<\/p>\n","protected":false},"excerpt":{"rendered":"<p>de Arh. Arsenie Papacioc Ziua judec\u0103\u0163ii: o zi stra\u015fnic\u0103 \u015fi \u00eensp\u0103im\u00e2nt\u0103toare. Nu mai avem de-a face cu Mielul Acela bl\u00e2nd, Care a venit pentru iertare \u015fi r\u0103scump\u0103rare, ci cu un plin de m\u0103rire Judecator, \u00eenconjurat de \u00eengeri. Care va da sentin\u0163a cea grozav\u0103: \u201eDuceti-va de la Mine!\u201c O, dar pentru ce \u00eei gone\u015fti, M\u00e2ntuitorule, Tu&nbsp;<\/p>\n<p><a class=\"btn btn-style\" href=\"https:\/\/comorinemuritoare.ro\/bLOGOS\/cuvant-despre-infricosata-judecata\/\">Continue Reading&#8230;<\/a><\/p>\n","protected":false},"author":1,"featured_media":0,"comment_status":"open","ping_status":"open","sticky":false,"template":"","format":"standard","meta":{"footnotes":""},"categories":[1],"tags":[],"class_list":["post-8901","post","type-post","status-publish","format-standard","hentry","category-editorial"],"_links":{"self":[{"href":"https:\/\/comorinemuritoare.ro\/bLOGOS\/wp-json\/wp\/v2\/posts\/8901","targetHints":{"allow":["GET"]}}],"collection":[{"href":"https:\/\/comorinemuritoare.ro\/bLOGOS\/wp-json\/wp\/v2\/posts"}],"about":[{"href":"https:\/\/comorinemuritoare.ro\/bLOGOS\/wp-json\/wp\/v2\/types\/post"}],"author":[{"embeddable":true,"href":"https:\/\/comorinemuritoare.ro\/bLOGOS\/wp-json\/wp\/v2\/users\/1"}],"replies":[{"embeddable":true,"href":"https:\/\/comorinemuritoare.ro\/bLOGOS\/wp-json\/wp\/v2\/comments?post=8901"}],"version-history":[{"count":0,"href":"https:\/\/comorinemuritoare.ro\/bLOGOS\/wp-json\/wp\/v2\/posts\/8901\/revisions"}],"wp:attachment":[{"href":"https:\/\/comorinemuritoare.ro\/bLOGOS\/wp-json\/wp\/v2\/media?parent=8901"}],"wp:term":[{"taxonomy":"category","embeddable":true,"href":"https:\/\/comorinemuritoare.ro\/bLOGOS\/wp-json\/wp\/v2\/categories?post=8901"},{"taxonomy":"post_tag","embeddable":true,"href":"https:\/\/comorinemuritoare.ro\/bLOGOS\/wp-json\/wp\/v2\/tags?post=8901"}],"curies":[{"name":"wp","href":"https:\/\/api.w.org\/{rel}","templated":true}]}}