{"id":9423,"date":"2012-03-23T06:26:24","date_gmt":"2012-03-23T09:26:24","guid":{"rendered":"http:\/\/comorinemuritoare.ro\/bLOGOS\/?p=9423"},"modified":"2012-03-23T06:26:24","modified_gmt":"2012-03-23T09:26:24","slug":"crede-tot-cuvantul","status":"publish","type":"post","link":"https:\/\/comorinemuritoare.ro\/bLOGOS\/crede-tot-cuvantul\/","title":{"rendered":"CREDE TOT CUV\u00c2NTUL"},"content":{"rendered":"<p><em><strong>Traian Dorz<\/strong><\/em><\/p>\n<p>Crede tot Cuv\u00e2ntul spus de Dumnezeu,<br \/>\npentru cel ce crede nu-i nimic prea greu,<br \/>\ncrede c\u0103 asemeni celui \u00eemplinit<br \/>\no s\u0103 se-mplineasc\u0103 \u015fi cel profe\u0163it.<\/p>\n<p style=\"padding-left: 30px;\"><em>Crede, crede, crede<br \/>\ntot ce-a zis Iisus,<br \/>\ntoate-au s\u0103 se-nt\u00e2mple<br \/>\nchiar cum El a spus.<\/em><\/p>\n<p>Crede c\u0103 El, Scutul neamului trecut,<br \/>\nva fi Scut \u015fi-acelui \u00eenc\u0103 nen\u0103scut;<br \/>\ncrede c\u0103 El, St\u00e2nca celor m\u00e2ntui\u0163i,<br \/>\nva da har \u015fi celor \u00eenc\u0103 ispiti\u0163i.<\/p>\n<p>Crede-L c\u0103 El este cu al Lui popor,<br \/>\ncrede-L c\u0103-i El drumul cel m\u00e2ntuitor,<br \/>\ncrede-L c\u0103-i mai tare dec\u00e2t to\u0163i mereu,<br \/>\ncrede-L, c\u0103-i Cuv\u00e2ntul spus de Dumnezeu.<\/p>\n","protected":false},"excerpt":{"rendered":"<p>Traian Dorz Crede tot Cuv\u00e2ntul spus de Dumnezeu, pentru cel ce crede nu-i nimic prea greu, crede c\u0103 asemeni celui \u00eemplinit o s\u0103 se-mplineasc\u0103 \u015fi cel profe\u0163it. Crede, crede, crede tot ce-a zis Iisus, toate-au s\u0103 se-nt\u00e2mple chiar cum El a spus. Crede c\u0103 El, Scutul neamului trecut, va fi Scut \u015fi-acelui \u00eenc\u0103 nen\u0103scut; crede&nbsp;<\/p>\n<p><a class=\"btn btn-style\" href=\"https:\/\/comorinemuritoare.ro\/bLOGOS\/crede-tot-cuvantul\/\">Continue Reading&#8230;<\/a><\/p>\n","protected":false},"author":1,"featured_media":0,"comment_status":"open","ping_status":"open","sticky":false,"template":"","format":"standard","meta":{"footnotes":""},"categories":[4],"tags":[],"class_list":["post-9423","post","type-post","status-publish","format-standard","hentry","category-poezii"],"_links":{"self":[{"href":"https:\/\/comorinemuritoare.ro\/bLOGOS\/wp-json\/wp\/v2\/posts\/9423","targetHints":{"allow":["GET"]}}],"collection":[{"href":"https:\/\/comorinemuritoare.ro\/bLOGOS\/wp-json\/wp\/v2\/posts"}],"about":[{"href":"https:\/\/comorinemuritoare.ro\/bLOGOS\/wp-json\/wp\/v2\/types\/post"}],"author":[{"embeddable":true,"href":"https:\/\/comorinemuritoare.ro\/bLOGOS\/wp-json\/wp\/v2\/users\/1"}],"replies":[{"embeddable":true,"href":"https:\/\/comorinemuritoare.ro\/bLOGOS\/wp-json\/wp\/v2\/comments?post=9423"}],"version-history":[{"count":0,"href":"https:\/\/comorinemuritoare.ro\/bLOGOS\/wp-json\/wp\/v2\/posts\/9423\/revisions"}],"wp:attachment":[{"href":"https:\/\/comorinemuritoare.ro\/bLOGOS\/wp-json\/wp\/v2\/media?parent=9423"}],"wp:term":[{"taxonomy":"category","embeddable":true,"href":"https:\/\/comorinemuritoare.ro\/bLOGOS\/wp-json\/wp\/v2\/categories?post=9423"},{"taxonomy":"post_tag","embeddable":true,"href":"https:\/\/comorinemuritoare.ro\/bLOGOS\/wp-json\/wp\/v2\/tags?post=9423"}],"curies":[{"name":"wp","href":"https:\/\/api.w.org\/{rel}","templated":true}]}}