{"id":9547,"date":"2012-03-31T15:07:25","date_gmt":"2012-03-31T18:07:25","guid":{"rendered":"http:\/\/comorinemuritoare.ro\/bLOGOS\/?p=9547"},"modified":"2012-03-31T15:08:17","modified_gmt":"2012-03-31T18:08:17","slug":"eu-n-am-drept","status":"publish","type":"post","link":"https:\/\/comorinemuritoare.ro\/bLOGOS\/eu-n-am-drept\/","title":{"rendered":"EU N-AM DREPT&#8230;"},"content":{"rendered":"<p><strong><em>Traian DORZ<\/em><\/strong><\/p>\n<p><a href=\"http:\/\/comorinemuritoare.ro\/bLOGOS\/wp-content\/uploads\/2012\/01\/cruce_spini.jpg\"><img loading=\"lazy\" decoding=\"async\" class=\"alignright size-full wp-image-8335\" title=\"cruce_spini\" src=\"http:\/\/comorinemuritoare.ro\/bLOGOS\/wp-content\/uploads\/2012\/01\/cruce_spini.jpg\" alt=\"\" width=\"295\" height=\"217\" \/><\/a>Eu n-am drept s\u0103 nu suf\u0103r, dac\u0103-s al T\u0103u trimis,<br \/>\nnu pot dec\u00e2t cu jertfa s-ar\u0103t un drum deschis,<br \/>\nnu pot dec\u00e2t cu lacrimi s-ar\u0103t un cer senin<br \/>\nla to\u0163i acei cu care la Tine-ai vrut s\u0103 vin&#8230;<\/p>\n<p>Via\u0163a mea-i legat\u0103 de-acei din jurul meu,<br \/>\neu nu pot f\u0103r\u0103 d\u00e2n\u015fii s\u0103 merg spre Dumnezeu,<br \/>\nnici scumpa m\u00e2ntuire eu n-am s-o v\u0103d \u00een veac<br \/>\nde nu caut m\u00e2ntuirea \u015fi-a lor, prin tot ce fac.<\/p>\n<p>Tot dreptul meu \u00een lume-i s\u0103 suf\u0103r \u015fi iubesc,<br \/>\nalt drept pe lumea asta eu n-am drept s\u0103 doresc,<br \/>\nacesta-i dreptul care \u0162i-ai vrut \u015fi Tu, Iisus,<br \/>\n\u2013 \u015fi cum s\u0103 fie robul, ca Domnul s\u0103u, mai sus?<!--more--><\/p>\n<p>Eu n-am drept s\u0103 fiu \u00eensumi,<br \/>\nnici partea mea s-o cat,<br \/>\nci pururi s\u0103 fiu al\u0163ii \u00een tot ce m\u0103 arat,<br \/>\nca to\u0163i cei ce m-ascult\u0103 s\u0103-\u015fi afle-n mine-a lor<br \/>\nad\u00e2nc\u0103 trebuin\u0163\u0103 de-al meu M\u00e2ntuitor&#8230;<\/p>\n<p>S\u0103 fiu g\u00e2ndire-n al\u0163ii \u015fi sfat, \u015fi dor, \u015fi-ndemn,<br \/>\ncu to\u0163i, din fiecare, s\u0103 plec spre-Acela\u015fi Semn,<br \/>\ndin to\u0163i, prin fiecare, s\u0103 scot acel suspin<br \/>\nde sf\u00e2nt\u0103 u\u015furare, \u2013 ajun\u015fi la \u0162el Divin&#8230;<br \/>\n\u015ei numai c\u00e2nd \u00een ceruri voi fi ajuns cu to\u0163i,<br \/>\ncei r\u00e2ndui\u0163i s\u0103-mi fie p\u0103rin\u0163i \u015fi fii, \u015fi so\u0163i,<br \/>\natunci s\u0103 simt c-am dreptul s\u0103 odihnesc \u015fi eu,<br \/>\nc\u0103-s mul\u0163umi\u0163i de mine<br \/>\n\u015fi-ai mei,<br \/>\n\u015fi Dumnezeu&#8230;<\/p>\n","protected":false},"excerpt":{"rendered":"<p>Traian DORZ Eu n-am drept s\u0103 nu suf\u0103r, dac\u0103-s al T\u0103u trimis, nu pot dec\u00e2t cu jertfa s-ar\u0103t un drum deschis, nu pot dec\u00e2t cu lacrimi s-ar\u0103t un cer senin la to\u0163i acei cu care la Tine-ai vrut s\u0103 vin&#8230; Via\u0163a mea-i legat\u0103 de-acei din jurul meu, eu nu pot f\u0103r\u0103 d\u00e2n\u015fii s\u0103 merg spre&nbsp;<\/p>\n<p><a class=\"btn btn-style\" href=\"https:\/\/comorinemuritoare.ro\/bLOGOS\/eu-n-am-drept\/\">Continue Reading&#8230;<\/a><\/p>\n","protected":false},"author":1,"featured_media":0,"comment_status":"open","ping_status":"open","sticky":false,"template":"","format":"standard","meta":{"footnotes":""},"categories":[4],"tags":[],"class_list":["post-9547","post","type-post","status-publish","format-standard","hentry","category-poezii"],"_links":{"self":[{"href":"https:\/\/comorinemuritoare.ro\/bLOGOS\/wp-json\/wp\/v2\/posts\/9547","targetHints":{"allow":["GET"]}}],"collection":[{"href":"https:\/\/comorinemuritoare.ro\/bLOGOS\/wp-json\/wp\/v2\/posts"}],"about":[{"href":"https:\/\/comorinemuritoare.ro\/bLOGOS\/wp-json\/wp\/v2\/types\/post"}],"author":[{"embeddable":true,"href":"https:\/\/comorinemuritoare.ro\/bLOGOS\/wp-json\/wp\/v2\/users\/1"}],"replies":[{"embeddable":true,"href":"https:\/\/comorinemuritoare.ro\/bLOGOS\/wp-json\/wp\/v2\/comments?post=9547"}],"version-history":[{"count":0,"href":"https:\/\/comorinemuritoare.ro\/bLOGOS\/wp-json\/wp\/v2\/posts\/9547\/revisions"}],"wp:attachment":[{"href":"https:\/\/comorinemuritoare.ro\/bLOGOS\/wp-json\/wp\/v2\/media?parent=9547"}],"wp:term":[{"taxonomy":"category","embeddable":true,"href":"https:\/\/comorinemuritoare.ro\/bLOGOS\/wp-json\/wp\/v2\/categories?post=9547"},{"taxonomy":"post_tag","embeddable":true,"href":"https:\/\/comorinemuritoare.ro\/bLOGOS\/wp-json\/wp\/v2\/tags?post=9547"}],"curies":[{"name":"wp","href":"https:\/\/api.w.org\/{rel}","templated":true}]}}