{"id":9587,"date":"2012-04-04T14:23:28","date_gmt":"2012-04-04T17:23:28","guid":{"rendered":"http:\/\/comorinemuritoare.ro\/bLOGOS\/?p=9587"},"modified":"2012-04-04T14:42:04","modified_gmt":"2012-04-04T17:42:04","slug":"pentru-scopul-nostru-sfant-trebuie-sa-umblam-cu-toata-curatia-insa-si-cu-toata-prevederea","status":"publish","type":"post","link":"https:\/\/comorinemuritoare.ro\/bLOGOS\/pentru-scopul-nostru-sfant-trebuie-sa-umblam-cu-toata-curatia-insa-si-cu-toata-prevederea\/","title":{"rendered":"[Pentru scopul nostru sf\u00e2nt trebuie s\u0103 umbl\u0103m cu toat\u0103 cur\u0103\u0163ia, \u00eens\u0103 \u015fi cu toat\u0103 prevederea]"},"content":{"rendered":"<p><a href=\"http:\/\/comorinemuritoare.ro\/bLOGOS\/wp-content\/uploads\/2012\/04\/Traian-DORZ-060.jpg\"><img loading=\"lazy\" decoding=\"async\" class=\"alignright size-full wp-image-9591\" title=\"Traian-DORZ-060\" src=\"http:\/\/comorinemuritoare.ro\/bLOGOS\/wp-content\/uploads\/2012\/04\/Traian-DORZ-060.jpg\" alt=\"\" width=\"229\" height=\"303\" srcset=\"https:\/\/comorinemuritoare.ro\/bLOGOS\/wp-content\/uploads\/2012\/04\/Traian-DORZ-060.jpg 400w, https:\/\/comorinemuritoare.ro\/bLOGOS\/wp-content\/uploads\/2012\/04\/Traian-DORZ-060-227x300.jpg 227w\" sizes=\"auto, (max-width: 229px) 100vw, 229px\" \/><\/a><strong><em>Traian DORZ<\/em> <\/strong><em>din <\/em><strong>\u00abISTORIA UNEI\u00a0 JERTFE\u00bb<\/strong><\/p>\n<p style=\"text-align: justify;\">La \u00eenceputul lunii aprilie [1986], dup\u0103 \u00een\u0163elegerea luat\u0103 la Patriarhie, am b\u0103tut la u\u015fa Episcopiei de la  Oradea. Am fost primit cu un z\u00e2mbet de larg\u0103 bun\u0103voin\u0163\u0103 \u015fi, dup\u0103 formula respectuoas\u0103 \u015fi obi\u015fnuit\u0103 de prezentare, am spus pe scurt Prea Sfin\u0163itului Vasile despre \u00eencheierea de la Patriarhie \u015fi despre trimiterea mea la d\u00e2nsul pentru continuarea dialogului \u00eenceput.<\/p>\n<p style=\"text-align: justify;\">\u2013 Am vorbit am\u0103nun\u0163it cu p\u0103rintele patriarh, \u00eemi zise d\u00e2nsul cu un z\u00e2mbet mul\u0163umit. A r\u0103mas pl\u0103cut impresionat de vizita pe care i-ai f\u0103cut-o \u015fi de cele discutate. Mi-a spus c\u0103 \u00eentr-adev\u0103r trebuie f\u0103cut ceva pentru reglementarea problemei. Va trebui ca dumneavoastr\u0103 s\u0103 face\u0163i o scrisoare, un memoriu, o cerere c\u0103tre Sf\u00e2ntul Sinod \u00een care s\u0103 ar\u0103ta\u0163i toat\u0103 situa\u0163ia actual\u0103 \u015fi felul cum vede\u0163i rezolvarea. Bine\u00een\u0163eles, \u00een cadrul legilor existente ale Bisericii.<\/p>\n<p style=\"text-align: justify;\">\u00cen afar\u0103 de asta, am trecut \u015fi pe la Departamentul Cultelor. Cunosc bine pe domnul director C&#8230; \u015fi el m-a \u00eentrebat:<br \/>\n\u201eP\u0103rinte episcop, ave\u0163i vreo problem\u0103 acolo \u00een Bihor cu Oastea Domnului, cu Dorz \u015fi ceilal\u0163i?\u201c<br \/>\n\u201eNu avem nici o problem\u0103, i-am r\u0103spuns, niciodat\u0103 n-am avut.\u201c<br \/>\n\u201eAtunci de ce nu colabora\u0163i cu oamenii ace\u015ftia? Dac\u0103 sunt cinsti\u0163i, noi avem nevoie de astfel de oameni. \u015etiam c\u0103 Dorz avea ni\u015fte proverbe frumos versificate. Vorbe\u015fte cu el s\u0103 le tip\u0103rim la vreo editur\u0103&#8230;\u201c<\/p>\n<p style=\"text-align: justify;\">De aceea te rog, frate Dorz, c\u00e2nd vii cu Memoriul despre care am vorbit, adu-mi \u015fi o selec\u0163ie din cele mai frumoase proverbe, s\u0103 le \u00eenaint\u0103m la Departament pentru aprobarea tip\u0103ririi. \u015ei mai adu-mi \u015fi vreo treizeci de c\u00e2nt\u0103ri ale Oastei, alese cum \u015ftii, cele mai potrivite, pentru a fi cercetate \u015fi aprobate, spre a fi folosite \u00een biserici la diferite momente ale slujbei. \u015ei, c\u00e2nd vor fi bine preg\u0103tite aceste lucr\u0103ri, te rog, vino s\u0103 pornim la drum.<!--more--><\/p>\n<p style=\"text-align: justify;\">\u2013 Sunt treizeci de ani, Prea Sfin\u0163ite P\u0103rinte Episcop, de c\u00e2nd am mai f\u0103cut o astfel de \u00eencercare. Ce bine era dac\u0103 de atunci s-ar fi rezolvat cre\u015ftine\u015fte aceast\u0103 problem\u0103 at\u00e2t de clar\u0103 \u015fi de important\u0103! De c\u00e2te suferin\u0163e \u015fi jertfe, \u015fi pagube suflete\u015fti \u015fi trupe\u015fti am fi fost scuti\u0163i cu to\u0163ii dac\u0103 se rezolva atunci&#8230;<\/p>\n<p style=\"text-align: justify;\">\u2013 Atunci nu se putea! Se vede c\u0103 \u015fi jertfele \u015fi suferin\u0163ele acelea \u00ee\u015fi aveau rostul lor. Acum \u00eens\u0103 este altceva. Acum se poate discuta&#8230; Acuma atmosfera este cu totul alta. Acum putem dialoga \u00eempreun\u0103 \u015fi, ad\u0103ug\u0103 z\u00e2mbind, \u015ftii cum spune proverbul: \u201eMai pune rom\u00e2nul, mai las\u0103 jup\u00e2nul\u201c&#8230;<\/p>\n<p style=\"text-align: justify;\">(Da, g\u00e2ndii \u00een sinea mea cu o oarecare m\u00e2hnire: tot rom\u00e2nul <em>s\u0103 pun\u0103<\/em>. Tot bietul rom\u00e2n&#8230;)<\/p>\n<p style=\"text-align: justify;\">\u2013 Trebuie s\u0103 ne rug\u0103m fierbinte, am \u015foptit eu, ca Dumnezeu s\u0103 \u00eendrume totul pe f\u0103ga\u015ful cel bun. Este at\u00e2ta nevoie s\u0103 se ajung\u0103 \u00een sf\u00e2r\u015fit la armonia \u015fi colaborarea fericit\u0103 spre binele tuturor, at\u00e2t al Bisericii, c\u00e2t \u015fi al patriei noastre. \u00cen ce ne prive\u015fte pe noi, suntem din toat\u0103 inima hot\u0103r\u00e2\u0163i, dup\u0103 cum am fost totdeauna gata la orice pentru armonia \u015fi colaborarea asta.<\/p>\n<p style=\"text-align: justify;\">Fiind vremea ceaiului de diminea\u0163\u0103, p\u0103rintele episcop a fost poftit la mas\u0103&#8230; M-am ridicat s\u0103 plec, dar d\u00e2nsul a zis:<\/p>\n<p style=\"text-align: justify;\">\u2013 Nu pleca. Te rog, vino s\u0103 lu\u0103m un ceai \u00eempreun\u0103; e vremea postului \u015fi vom m\u00e2nc\u0103 de post&#8230; Vom mai vorbi \u00eempreun\u0103 \u015fi acolo.<\/p>\n<p style=\"text-align: justify;\">Am c\u0103utat s\u0103 m\u0103 scuz, dar \u00eemi era tot a\u015fa de greu \u015fi s\u0103 refuz, \u015fi s\u0103 primesc. P\u00e2n\u0103 la urm\u0103, am ascultat, folosind \u015fi timpul mesei \u00een doi pentru a mai ad\u00e2nci discu\u0163iile noastre asupra celor ce le aveam de f\u0103cut.<\/p>\n<p style=\"text-align: justify;\">Ne-am desp\u0103r\u0163it mult apropia\u0163i. Trecuser\u0103 mul\u0163i ani aspri \u015fi desp\u0103r\u0163itori de la marile noastre confrunt\u0103ri din anii \u201970. \u00centr-adev\u0103r, atmosfera era alta. Dar c\u00e2t\u0103 suferin\u0163\u0103 s-a cerut pentru ca acum s\u0103 fie a\u015fa! Numai dac\u0103 ar da Dumnezeu s\u0103 fie de durat\u0103 aceast\u0103 stare \u2013 \u015fi nu doar o p\u0103rere trec\u0103toare.<\/p>\n<p style=\"text-align: justify;\">Ajuns acas\u0103, m-am a\u015fezat pe genunchi \u015fi cu lacrimi am cerut lumina lui Dumnezeu \u015fi inspira\u0163ia Duhului Sf\u00e2nt pentru alc\u0103tuirea memoriului cerut.<\/p>\n<p style=\"text-align: justify;\">Am \u00eenceput totul cu \u201e\u00cen Numele Tat\u0103lui, \u015fi al Fiului, \u015fi al Sf\u00e2ntului Duh\u201c \u015fi cu un scurt istoric al Oastei Domnului, al \u00eenceputului ei \u015fi al desf\u0103\u015fur\u0103rii ulterioare, cu provocarea conflictului \u00een care ar\u0103tam vina cea mare a mitropolitului B\u0103lan care s-a l\u0103sat influen\u0163at de un anturaj invidios \u015fi a luat o necru\u0163\u0103toare \u015fi despotic\u0103 atitudine \u00eempotriva P\u0103rintelui Iosif \u015fi nu s-a l\u0103sat \u00eenduplecat de nici o cerere de iertare din partea victimei sale. \u015ei de nici un argument sau mijlocire din partea altora, pentru a aplana conflictul nefericit care provoca at\u00e2ta r\u0103u \u015fi pagub\u0103 Bisericii noastre \u015fi poporului nostru. Ar\u0103tam apoi \u00eencerc\u0103rile multe \u015fi st\u0103ruitoare f\u0103cute de-a lungul zecilor de ani din partea noastr\u0103 pentru aplanarea conflictului, dar r\u0103mase f\u0103r\u0103 nici un rezultat. Mai ales pe cea din 1956-1958 care, \u00een loc s\u0103 se fi rezolvat printr-o conciliere fericit\u0103 \u015fi prin g\u0103sirea unei rezolu\u0163ii realiste, s-a \u201erezolvat\u201c cu una dintre cele mai grele \u00eencerc\u0103ri pentru o mare parte dintre conduc\u0103torii Oastei Domnului \u015fi pe o lung\u0103 durat\u0103 de ani pentru toat\u0103 aceast\u0103 Lucrare asuprit\u0103 \u015fi \u00eenvinuit\u0103 pe nedrept&#8230;<\/p>\n<p style=\"text-align: justify;\">Propuneam acum luarea unei mai realiste hot\u0103r\u00e2ri, mai ales \u00een situa\u0163ia grea a r\u0103t\u0103cirilor de la credin\u0163\u0103 \u015fi a dec\u0103derii morale a \u00eentregii societ\u0103\u0163i. Pentru schimbarea total\u0103 a opticii nedrepte fa\u0163a de Oastea Domnului. \u015ei refacerea situa\u0163iei de dinaintea conflictului, c\u00e2nd era o at\u00e2t de str\u00e2ns\u0103 \u015fi sf\u00e2nt\u0103 colaborare \u00eentre clerul \u015fi poporul Bisericii noastre, \u00eentre preo\u0163ime \u015fi Oastea Domnului, lucru care ar fi fost o binecuv\u00e2ntare nespus de mare pentru noi to\u0163i&#8230;<\/p>\n<p style=\"text-align: justify;\">M-am g\u00e2ndit \u00eens\u0103 c\u0103 primul la care trebuie s\u0103 m\u0103 duc pentru a m\u0103 consulta asupra formei \u015fi con\u0163inutul acestui memoriu va trebui s\u0103 fie \u00cenaltul Antonie de la Sibiu. Acest ierarh este privit \u00een momentul de fa\u0163\u0103 drept cel mai cult \u015fi mai deschis dintre ierarhii Bisericii noastre. Un om cu largi orizonturi \u015fi perspective, mult apreciat at\u00e2t \u00een \u0163ar\u0103, c\u00e2t \u015fi \u00een str\u0103in\u0103tate&#8230; \u015ei apoi d\u00e2nsul este \u00een scaunul Sibiului unde s-au petrecut \u015fi s-au legat toate. De aici ar trebui s\u0103 se \u015fi dezlege iar\u0103\u015fi, d\u00e2nsul este mai-marele nostru direct \u2013 prin urmare de aici va trebui s\u0103 \u00eencepem.<\/p>\n<p style=\"text-align: justify;\">Voi merge deci cu prima form\u0103 a memoriului nostru la o consultare \u00een Sibiu \u015fi vom vedea ce reac\u0163ie va produce. \u015ei voi \u00een\u0163elege apoi cum trebuie s\u0103 lucrez, pentru a urma, \u00een ce m\u0103 prive\u015fte pe mine, drumul cel mai \u00een\u0163elept ca s\u0103 ajungem la atingerea scopului propus. Drumul va fi lung \u2013 \u015ftiu. Vor fi poate multe curse \u015fi piedici, dar pentru scopul nostru sf\u00e2nt trebuie s\u0103 umbl\u0103m cu toat\u0103 cur\u0103\u0163ia, \u00eens\u0103 \u015fi cu toat\u0103 prevederea.<\/p>\n<p style=\"text-align: justify;\">Am luat deci \u00een ziua de 25 aprilie 1986 drumul Sibiului&#8230; \u00cenaltul Antonie era acas\u0103. M-a primit cu bucurie.<\/p>\n<p style=\"text-align: justify;\">I-am citit \u00eentreg memoriul \u00een prima lui form\u0103, iar apoi i-am zis:<br \/>\n\u2013 Acum V\u0103 rog, \u00cenalt Prea Sfin\u0163ite P\u0103rinte, s\u0103 face\u0163i observa\u0163iile competente asupra acestui memoriu, asupra problemei ridicat\u0103 de el, p\u0103rinte\u015ftile \u00eendrum\u0103ri de care noi dorim din toat\u0103 inima s\u0103 \u0163inem seama cu ascultare.<\/p>\n<p style=\"text-align: justify;\">\u2013 Eu v\u0103d aici trei p\u0103r\u0163i la acest memoriu. Partea \u00eent\u00e2i, cea istoric\u0103 \u015fi introductiv\u0103, asupra c\u0103reia cred c\u0103 ar fi bine s\u0103 mai revii, trec\u00e2nd mai cu pu\u0163ine preciz\u0103ri asupra evenimentelor despre care nu-i prea place nim\u0103nui s\u0103 i se aminteasc\u0103. \u00cen\u0163elegi ce vreau s\u0103 zic. \u00cen partea a doua, care prive\u015fte originea \u015fi desf\u0103\u015furarea conflictului dintre cei doi de la Sibiu, dumneata faci pu\u0163in\u0103 p\u0103rtinire&#8230; E \u015fi normal s\u0103-l p\u0103rtine\u015fti pe cel la care \u0163ii mai mult, dar este nevoie s\u0103 fim impar\u0163iali. Trage mai bine o linie de mijloc \u00eentre cei doi. Cred c\u0103 e mai bine \u015fi mai drept a\u015fa.<\/p>\n<p style=\"text-align: justify;\">Partea a treia, cu \u00eencadrarea \u00een statutul \u015fi via\u0163a Bisericii, este bine g\u00e2ndit\u0103. Probabil asupra am\u0103nuntelor \u015fi procedeelor practice va mai fi c\u00e2te ceva de discutat. Dar va avea loc un dialog asupra tuturor acestor lucruri. P\u00e2n\u0103 acum am tot monologat unii despre al\u0163ii, acum va trebui s\u0103 dialog\u0103m p\u00e2n\u0103 vom putea ajunge la un rezultat bun. \u00cencearc\u0103 s\u0103 refaci acest memoriu \u00een sensul acesta. Apoi s\u0103-l aduci \u015fi s\u0103 ajung\u0103 la to\u0163i ierarhii Bisericii, pentru a lua cu to\u0163ii cuno\u015ftin\u0163\u0103 de el. Pe urm\u0103 se va vedea ce va mai fi.<\/p>\n<p style=\"text-align: justify;\">Dup\u0103 ce mi-a vorbit destule \u015fi alte lucruri, \u00eentr-o atmosfer\u0103 deschis\u0103 \u015fi binevoitoare, din care am \u00een\u0163eles cu bucurie foarte mult, i-am mul\u0163umit, i-am s\u0103rutat respectuos Dreapta \u015fi, petrecut cu mult\u0103 bun\u0103voin\u0163\u0103 p\u00e2n\u0103 la u\u015f\u0103, am plecat.<\/p>\n<p style=\"text-align: justify;\">Am plecat cu sim\u0163\u0103m\u00e2ntul fericit c\u0103 Duhul Sf\u00e2nt a f\u0103cut s\u0103 se consolideze \u00eentre noi puntea necesar\u0103 pentru contactele suflete\u015fti at\u00e2t de \u00eensemnate spre o \u00een\u0163elegere \u015fi apropierea cu \u00eencredere de un mare \u015fi sf\u00e2nt obiectiv angajat de con\u015ftiin\u0163\u0103 pentru to\u0163i.<\/p>\n<p style=\"text-align: justify;\">Am plecat acas\u0103 \u015fi, dup\u0103 un timp de profund\u0103 reculegere \u015fi tensiune duhovniceasc\u0103, am primit lumina \u015fi ajutorul compunerii formei definitive a memoriului nostru.<\/p>\n<p style=\"text-align: justify;\">Iat\u0103-l transcris a\u015fa cum l-am multiplicat \u00een num\u0103r suficient de exemplare pentru a-l putea \u00eenm\u00e2n\u0103 \u00eempreun\u0103 cu volumul \u201eTain\u0103 \u015fi Minune\u201c fiec\u0103rui ierarh al Bisericii, personal:<\/p>\n<p style=\"text-align: justify;\">\n<p style=\"text-align: center;\"><strong><em>\u00cen Numele Tat\u0103lui, \u015fi al Fiului, \u015fi al Sf\u00e2ntului Duh. Amin.<\/em><\/strong><\/p>\n<p style=\"text-align: justify;\"><em> <\/em><\/p>\n<p style=\"text-align: justify;\"><em>C\u0103tre Sf\u00e2ntul Sinod al Bisericii Ortodoxe \u2013 Bucure\u015fti<\/em><\/p>\n<p style=\"text-align: justify;\"><em> <\/em><\/p>\n<p style=\"text-align: justify;\"><em>Subsemnatul, Traian Dorz, de 72 ani, domiciliat \u00een loc. Livada Beiu\u015fului, nr. 9, jud. Bihor, \u2013 supus fiu al Bisericii Ortodoxe Rom\u00e2ne \u015fi membru al grup\u0103rii misionare ortodoxe rom\u00e2ne \u201eOastea Domnului\u201c \u2013 cu cea mai profund\u0103 smerenie \u015fi cel mai deosebit respect, \u00eenaintez urm\u0103torul<\/em><\/p>\n<p style=\"text-align: justify;\"><strong><em>M E M O R I U<\/em><\/strong><\/p>\n<p style=\"text-align: justify;\"><strong><em> <\/em><\/strong><\/p>\n<p style=\"text-align: justify;\"><strong><em>cu privire la rezolvarea pozitiv\u0103 \u015fi definitiv\u0103 a problemei normaliz\u0103rii situa\u0163iei grup\u0103rii \u201eOastea Domnului\u201c \u00een cadrul Bisericii Ortodoxe Rom\u00e2ne \u015fi \u00een Statutele de Organizare \u015fi Func\u0163ionare ale acesteia<\/em><\/strong><\/p>\n<p style=\"text-align: justify;\"><em> <\/em><\/p>\n<p style=\"text-align: justify;\"><em>Pentru cunoa\u015fterea clar\u0103 a oric\u0103rei probleme, se \u015ftie, este neap\u0103rat necesar\u0103 o c\u00e2t mai sumar\u0103, dar clar\u0103, \u00een\u0163elegere a condi\u0163iilor sociale, morale, istorice etc. care au necesitat-o \u015fi au impus-o.<\/em><\/p>\n<p style=\"text-align: justify;\"><em>S\u0103 \u00eencerc\u0103m aceasta acum cu Oastea Domnului.<\/em><\/p>\n<p style=\"text-align: justify;\"><em>\u00cendat\u0103 dup\u0103 terminarea primului mare \u015fi lung R\u0103zboi Mondial, 1914-1918, c\u00e2nd Domnul Dumnezeu a adus \u00eentregirea pl\u0103tit\u0103 cu jertfe de veacuri a patriei noastre, o dat\u0103 cu aceast\u0103 \u00eentregire s-au luat vaste \u015fi eficiente m\u0103suri pentru consolidarea \u015fi asigurarea acestei \u00eentregiri care, \u00een acele vremuri \u00eenc\u0103 foarte tulburi, era permanent \u015fi grav amenin\u0163at\u0103 nu numai de vr\u0103jma\u015fii din afar\u0103, care luptau cu toat\u0103 puterea lor pentru anularea \u00eentregirii noastre na\u0163ionale, dar \u015fi de vr\u0103jma\u015fii din\u0103untru, care urm\u0103reau ruinarea trupeasc\u0103 \u015fi sufleteasc\u0103 a neamului nostru.<\/em><\/p>\n<p style=\"text-align: justify;\"><em>Printre cele mai nimicitoare mijloace care erau folosite pe scar\u0103 na\u0163ional\u0103 \u00eempotriva noastr\u0103 erau mai ales dou\u0103: alcoolismul, pentru ruinarea trupeasc\u0103, \u015fi sectarismul, pentru ruinarea sufleteasc\u0103&#8230; Nenum\u0103rate fabrici clandestine de spirt negru ap\u0103reau pretutindeni, rev\u0103rs\u00e2nd peste \u0163ar\u0103 potop de b\u0103uturi falsificate din cele mai v\u0103t\u0103m\u0103toare substan\u0163e. Patima pentru b\u0103uturile acestea cuprindea cu repeziciune marea mas\u0103 a poporului, s\u0103r\u0103cit\u0103 de r\u0103zboi \u015fi r\u0103v\u0103\u015fit\u0103 de tot felul de p\u0103cate. B\u0103t\u0103ile, procesele, furturile, crimele, divor\u0163urile \u015fi toate celelalte urm\u0103ri nefaste ale acestui grozav p\u0103cat erau \u00eensp\u0103im\u00e2nt\u0103toare.<\/em><\/p>\n<p style=\"text-align: justify;\"><em>\u00cen afar\u0103 de aceast\u0103 dezagregare social\u0103, se accentua tot mai alarmant dezagregarea sufleteasc\u0103 produs\u0103 de cre\u015fterea vertiginoas\u0103 a propagandei sectare, adus\u0103 o dat\u0103 cu \u00eentregirea na\u0163ional\u0103 \u015fi \u00eenlesnit\u0103 de condi\u0163iile sociale. O mul\u0163ime de elemente str\u0103ine at\u00e2t de sufletul, c\u00e2t \u015fi de limba noastr\u0103 lucrau cu h\u0103rnicie \u015fi cu o pronun\u0163at\u0103 nuan\u0163\u0103 de \u015fovinism \u015fi ostilitate nu numai \u00eempotriva sentimentului nostru religios, ci \u015fi a celui na\u0163ional.<\/em><\/p>\n<p style=\"text-align: justify;\"><em>Era clar c\u0103 trebuia s\u0103 se treac\u0103 urgent \u015fi hot\u0103r\u00e2t la luarea unor m\u0103suri puternice \u015fi cuprinz\u0103toare at\u00e2t pe plan social, c\u00e2t \u015fi religios. Mai ales m\u0103surile religioase trebuia s\u0103 fie cele mai hot\u0103r\u00e2toare, fiindc\u0103 sufletul oamenilor era cel mai necesar de transformat. Deci autoritatea bisericeasc\u0103 \u015fi activitatea religioas\u0103 erau cele mai solicitate.<\/em><\/p>\n<p style=\"text-align: justify;\"><em> <\/em><\/p>\n<p style=\"text-align: justify;\"><em>La conducerea Bisericii noastre Ortodoxe din Ardeal fusese instalat atunci de cur\u00e2nd ca mitropolit t\u00e2n\u0103rul \u015fi entuziastul cleric Nicolae B\u0103lan, fost profesor la Teologia Sibiului, om \u00eenfl\u0103c\u0103rat atunci de idei noi \u015fi pornit pe fapte mari.<\/em><\/p>\n<p style=\"text-align: justify;\"><em>Dup\u0103 un congres, a\u015fa-numit biblic, \u0163inut atunci la Sibiu, printre alte m\u0103suri cultural-religioase, s-a hot\u0103r\u00e2t \u00eenfiin\u0163area \u015fi redactarea sub auspiciile mitropolitului Sibiului a unei gazete religioase pentru popor. Era cunoscut\u0103 puterea cuv\u00e2ntului scris \u015fi marea \u00eensemn\u0103tate a acestuia pentru luminarea satelor, pentru c\u0103 mai ales acolo era grosul popula\u0163iei noastre.<\/em><\/p>\n<p style=\"text-align: justify;\"><em>Va trebui \u00eens\u0103 mai \u00eent\u00e2i g\u0103sit acel om potrivit, \u00eenzestrat cu toate marile calit\u0103\u0163i necesare pentru reu\u015fita adev\u0103rat\u0103 a unui astfel de g\u00e2nd pentru st\u0103vilirea r\u0103ului \u015fi aducerea lucrurilor pe f\u0103ga\u015ful cel bun.<\/em><\/p>\n<p style=\"text-align: justify;\"><em>Mitropolitul B\u0103lan cuno\u015ftea un singur om capabil \u015fi \u00eenzestrat cu aceste calit\u0103\u0163i. Era t\u00e2n\u0103rul preot Iosif Trifa, originar din Mun\u0163ii Apuseni, care \u00een acel timp slujea ca preot \u00een Vidra de Sus, satul natal al eroului Avram Iancu. Acesta, pe atunci t\u00e2n\u0103r preot, \u00eei era bine cunoscut mitropolitului \u00eenc\u0103 de pe c\u00e2nd \u00eei fusese student. De atunci el dovedise neobi\u015fnuite calit\u0103\u0163i de misionar, publicist \u015fi scriitor bisericesc, public\u00e2nd prin toate revistele \u015fi gazetele vremii lucr\u0103ri de larg interes \u015fi profunde adev\u0103ruri gustate de to\u0163i.<\/em><\/p>\n<p style=\"text-align: justify;\"><em> <\/em><\/p>\n<p style=\"text-align: justify;\"><em>La 1 ianuarie 1922 trebuia s\u0103 apar\u0103 primul num\u0103r al gazetei preconizate. A fost invitat deci s\u0103 vin\u0103 la Sibiu imediat preotul Iosif, c\u0103ruia urma s\u0103-i fie \u00eencredin\u0163at\u0103 redactarea acestei at\u00e2t de importante gazete.<\/em><\/p>\n<p style=\"text-align: justify;\"><em>\u00cen satul Vidra de Sus (ast\u0103zi Avram Iancu), tocmai atunci se petrecuser\u0103 lucruri tragice cu familia t\u00e2n\u0103rului preot. Trei copii \u015fi so\u0163ia \u00eei muriser\u0103, la r\u00e2nd, el r\u0103m\u00e2n\u00e2nd singur, numai cu un copil de 5 ani. \u00cel mai chemase tot atunci la Cluj un alt mare prieten al s\u0103u, profesorul Ioan Lupa\u015f, care era pe cale s\u0103 ini\u0163ieze \u015fi el o mare mi\u015fcare cultural\u0103 acolo.<\/em><\/p>\n<p style=\"text-align: justify;\"><em>Dar, sosind \u00een acela\u015fi timp \u015fi invita\u0163ia c\u0103lduroas\u0103 de la Sibiu, el a ales Sibiul.<\/em><\/p>\n<p style=\"text-align: justify;\"><em>Ajuns la Sibiu \u00een anul 1921, i s-a \u00eencredin\u0163at la \u00eenceput slujba de duhovnic la Academia Teologic\u0103, apoi \u015fi cea de director al Orfelinatului Ortodox din Sibiu, achit\u00e2ndu-se fericit de aceste dou\u0103 sarcini ca \u015fi de altele.<\/em><\/p>\n<p style=\"text-align: justify;\"><em>La 1 ianuarie 1922, prelua sarcina de redactor al gazetei religioase \u00abLu\u00admina Satelor\u00bb, sarcin\u0103 care avea s\u0103-i fie cea mai str\u0103lucit\u0103, dar \u015fi cea mai dureroas\u0103 a vie\u0163ii sale&#8230; De la \u00eenceput a fost l\u0103sat s\u0103 duc\u0103 aproape numai singur nu numai sarcina redact\u0103rii, ci \u015fi pe cea a administr\u0103rii acestei gazete care, cu talentul \u015fi r\u00e2vna sa, a ajuns de la primul num\u0103r s\u0103 cucereasc\u0103 un tot mai mare num\u0103r de cititori din \u0163ar\u0103 \u015fi chiar de peste hotare, trezind un viu interes \u00een to\u0163i pentru scopurile pe care le propov\u0103duia.<\/em><\/p>\n<p style=\"text-align: justify;\"><em>Dar \u015fcoala nou\u0103 pe care o ini\u0163ia el \u00een popor lucra acum \u015fi mai puternic asupra lui \u00eensu\u015fi. Din postul \u00eenalt de observa\u0163ie \u015fi r\u0103spundere pe care \u00eel reprezenta misiunea lui de redactor al unei at\u00e2t de importante gazete \u015fi al unui at\u00e2t de sf\u00e2nt mesaj, el era cel mai \u00een m\u0103sur\u0103 s\u0103-\u015fi dea seama de marea nevoie a poporului pe care \u00eel \u00eendruma, dar \u015fi marea r\u0103spundere \u00eenaintea lui Dumnezeu pentru felul cum \u00eendrum\u0103 \u2013 \u015fi UNDE \u2013 sufletele care privesc \u015fi ascult\u0103 la el.<\/em><\/p>\n<p style=\"text-align: justify;\"><em>\u00cen ultima noapte a anului 1922, la trecerea \u00een anul 1923, c\u00e2nd se \u00eemplinea un an de la apari\u0163ia gazetei \u00abLumina Satelor\u00bb, preotul Trifa \u00ee\u015fi f\u0103cea singur cu con\u015ftiin\u0163a sa bilan\u0163ul muncii lui de f\u0103clier la aceast\u0103 gazet\u0103. \u015ei, \u00een lumina celor care trebuia \u00eemplinite, ceea ce f\u0103cuse acum \u00eei ap\u0103rea jalnic de pu\u0163in. Durerea lui o mai m\u0103reau \u015fi cetele de be\u0163ivi \u00eennebuni\u0163i de b\u0103uturile falsificate \u015fi tic\u0103lo\u015fi\u0163i de vorbele \u015fi sud\u0103lmile murdare pe care le urlau \u00een gura mare, trec\u00e2nd pe sub fereastra c\u0103m\u0103ru\u0163ei lui de lucru \u015fi umpl\u00e2nd pie\u0163ele \u015fi str\u0103zile ora\u015fului devenit un adev\u0103rat iad.<\/em><\/p>\n<p style=\"text-align: justify;\"><em>\u00cen zorii zilei noului an 1923, dup\u0103 o noapte nedormit\u0103, el tr\u0103ie\u015fte un moment cutremur\u0103tor. Pr\u0103bu\u015fit \u00een genunchi sub marea lui r\u0103spundere, el se ruga lui Dumnezeu cer\u00e2nd iertare pentru trecut \u015fi putere pentru viitor. Cu inima zdrobit\u0103, punea un leg\u0103m\u00e2nt mare \u015fi lua o hot\u0103r\u00e2re unic\u0103. O total\u0103 transformare se petrecuse cu el. Un fel vechi de via\u0163\u0103 murise \u015fi un alt fel, nou, \u00eenviase \u00een noaptea aceea de hotar. Acesta a fost \u00eenceputul Oastei Domnului.<\/em><\/p>\n<p style=\"text-align: justify;\"><em>\u00cen primul num\u0103r al gazetei \u00abLumina Satelor\u00bb, din ianuarie 1923, a publicat pe prima pagin\u0103 o \u201echemare\u201c \u015fi o hot\u0103r\u00e2re personal\u0103 c\u0103tre fiecare cititor al s\u0103u, la o via\u0163\u0103 nou\u0103 \u015fi la o lupt\u0103 nou\u0103, \u00eempotriva alcoolismului, a sud\u0103lmii \u015fi a tuturor p\u0103catelor care tic\u0103lo\u015fesc neamul nostru \u015fi pierd sufletele oamenilor. Se pornea o lupt\u0103 nou\u0103 \u015fi total\u0103, prin hot\u0103r\u00e2rea \u015fi puterea lui Dumnezeu&#8230; Prin biruin\u0163a contra p\u0103catelor trupe\u015fti \u2013 zicea el \u2013 se va salva trupul neamului nostru, iar prin biruin\u0163a contra r\u0103t\u0103cirilor de la credin\u0163\u0103 se va salva sufletul acestui neam. Dumnezeu ne-a izb\u0103vit na\u0163iunea noastr\u0103 de st\u0103p\u00e2nirea altor neamuri, iar acum noi \u00een\u015fine trebuie s\u0103 ne dezrobim din tirania p\u0103catelor care ne robesc \u015fi mai cumplit.<\/em><\/p>\n<p style=\"text-align: justify;\"><em> <\/em><\/p>\n<p style=\"text-align: justify;\"><em>Din primul an au \u015fi \u00eenceput roadele. Cu o dragoste fierbinte fa\u0163\u0103 de sfintele noastre valori \u2013 Biserica \u015fi Patria \u2013 entuziastul preot, care avea tot sprijinul \u015fi \u00een\u0163elegerea ierarhului s\u0103u, a realizat minuni. La numai zece ani de apostolat cu Oastea Domnului \u015fi \u00abLumina Satelor\u00bb, se \u00eenfiin\u0163aser\u0103 \u015fi activau aproape \u00een toate satele \u015fi ora\u015fele patriei noastre puternice grup\u0103ri ale acestei minunate mi\u015fc\u0103ri duhovnice\u015fti, schimb\u00e2nd \u00een chip fericit via\u0163a \u015fi mentalitatea veche \u015fi dec\u0103zut\u0103 a unor mari mul\u0163imi de suflete \u015fi de familii.<\/em><\/p>\n<p style=\"text-align: justify;\"><em>Voluntariatul duhovnicesc \u015fi misionarismul laic erau cele dou\u0103 tr\u0103s\u0103turi esen\u0163iale \u015fi \u00eennoitoare ale vie\u0163ii noastre, dup\u0103 exemplul fericit \u015fi uitat al cre\u015ftinilor dint\u00e2i, al str\u0103mo\u015filor ortodoxiei noastre.<\/em><\/p>\n<p style=\"text-align: justify;\"><em>De la bun \u00eenceput, Oastea Domnului s-a \u00eencadrat fericit \u00een \u00eenv\u0103\u0163\u0103tura \u015fi misiunea noastr\u0103 bisericeasc\u0103. Setea sf\u00e2nt\u0103 trezit\u0103 \u00een sufletele credincio\u015filor Bisericii era alimentat\u0103 \u00een duminici \u015fi s\u0103rb\u0103tori nu numai \u00eenainte de mas\u0103 la sfintele slujbe, ci \u015fi dup\u0103-mas\u0103, c\u00e2nd, \u00een bisericile acum pline, dup\u0103 Vecernie, se desf\u0103\u015fura petrecerea duhovniceasc\u0103 la programul c\u0103reia contribuiau acum \u015fi \u201eoile cuv\u00e2nt\u0103toare\u201c \u00eempreun\u0103 cu p\u0103storii lor. Frumoase citiri \u015fi cuv\u00e2nt\u0103ri din Evanghelia, Apostolul ori Cazania zilei ori din scrierile \u015fi vie\u0163ile sfin\u0163ilor, \u00eempletite cu c\u00e2nt\u0103rile biserice\u015fti \u015fi cele laice religioase, precum \u015fi rug\u0103ciunile citite ori rostite liber, erau hrana fericit\u0103 din care se \u00eendestulau cu o mare bucurie cu to\u0163ii. Ce minunat se realizau \u00een felul acesta prin Oastea Domnului cele dou\u0103 mari trebuin\u0163e ale poporului nostru! \u00cenfr\u00e2narea de la pr\u0103bu\u015firea \u00een p\u0103cat \u015fi oprirea de la c\u0103derea \u00een mrejele nefericite ale crezurilor str\u0103ine. Via\u0163a nou\u0103 transformase \u00een mod cre\u015ftinesc \u015fi obiceiurile, \u015fi datinile noastre care erau mai dinainte de-a dreptul p\u0103g\u00e2ne\u015fti. Omul lui Dumnezeu \u015fi al Bisericii \u00een fruntea acelei frumoase mi\u015fc\u0103ri duhovnice\u015fti devenise cunoscut \u00een lumea \u00eentreag\u0103. Iar ac\u0163iunea sa era sprijinit\u0103 de to\u0163i oamenii de bine din \u0163ar\u0103. O mare mul\u0163ime de preo\u0163i \u015fi intelectuali din \u0163ar\u0103 au aderat la aceast\u0103 mi\u015fcare misionar\u0103 \u015fi condeie biserice\u015fti inspirate ca: Gala Galaction, arhim. Iuliu Scriban, Toma Chiricu\u0163\u0103, Gh. Paschia, I. Gr. Opri\u015fan, Al. L. Moldova\u00adnu etc. \u00eel \u00eenso\u0163eau, sporind mereu roadele minunate ale credin\u0163ei noastre \u015fi ridic\u00e2nd nivelul spiritual al poporului nostru.<\/em><\/p>\n<p style=\"text-align: justify;\"><em>Dar, pe m\u0103sur\u0103 ce binele acesta era tot mai v\u0103dit \u015fi numele preotului Trifa era citat \u015fi cinstit tot mai mult, oameni gelo\u015fi \u015fi plini de invidie au \u00eenceput s\u0103 se ridice tot mai f\u0103\u0163i\u015f \u015fi tot mai vr\u0103jma\u015f \u00eempotriva lui. B\u0103nuieli \u015fi presupuneri pline de r\u0103utate \u00eencepur\u0103 s\u0103 r\u0103st\u0103lm\u0103ceasc\u0103 tenden\u0163ios totul, tr\u0103g\u00e2nd false semnale de alarm\u0103 \u00eempotriva \u201eprimejdiei\u201c care \u2013 chipurile \u2013 ar amenin\u0163a Biserica cu o mare erezie \u015fi schism\u0103 pl\u0103nuit\u0103 de acest preot devenit prea popular.<\/em><\/p>\n<p style=\"text-align: justify;\"><em>Cei mai importan\u0163i \u015fi cei mai porni\u0163i dintre ace\u015fti a\u0163\u00e2\u0163\u0103tori erau chiar din anturajul mitropolitului B\u0103lan&#8230; La \u00eenceput n-a fost u\u015for s\u0103-l influen\u0163eze pe mitropolitul care avea o mare \u00eencredere \u00een preotul \u015fi colaboratorul s\u0103u pe care \u00eel cuno\u015ftea destul de bine \u015fi a c\u0103rui munc\u0103 uria\u015f\u0103 o aprecia destul de con\u015ftient. Preotul Trifa, la fel, convins c\u0103 ierarhul s\u0103u \u00een\u0163elege \u015fi apreciaz\u0103 pe deplin valoarea \u015fi greutatea muncii sale, nici nu s-a g\u00e2ndit la nici o primejdie. Astfel n-au sesizat nici unul, nici altul cursa ce li se \u00eentindea.<\/em><\/p>\n<p style=\"text-align: justify;\"><em> <\/em><\/p>\n<p style=\"text-align: justify;\"><em>Au urmat ani de \u00eemboln\u0103viri grele ale preotului Trifa din cauza muncii prea istovitoare \u015fi prea \u00eendelungi: intern\u0103ri prin spitale \u015fi sanatorii departe de Sibiu&#8230; opera\u0163ii una, dou\u0103, trei&#8230; \u015fapte. Lipsele lui din Sibiu au dat celor ce lucrau \u00eempotriva lui ocazii, timp \u015fi motive s\u0103 strecoare tot mai spornic \u015fi mai insistent intriga, ura, veninul. Astfel c\u0103, la sf\u00e2r\u015fitul anului 1934, dup\u0103 doisprezece ani de munc\u0103 istovitoare, s\u0103pt\u0103m\u00e2n\u0103 de s\u0103pt\u0103m\u00e2n\u0103 \u015fi zi de zi la scrisul gazetei, \u015fi dup\u0103 dou\u0103zeci \u015fi cinci de ani de preo\u0163ie jertfitoare \u00een slujba Bisericii \u015fi a poporului nostru, vr\u0103jma\u015fii care ticluiser\u0103 planul viclean au reu\u015fit s\u0103-l atrag\u0103 \u00een acest plan \u015fi pe mitropolit \u015fi au dat lovitura fatal\u0103, provoc\u00e2nd conflictul \u015fi ruptura dintre mitropolitul B\u0103lan \u015fi preotul Trifa.<\/em><\/p>\n<p style=\"text-align: justify;\"><em> <\/em><\/p>\n<p style=\"text-align: justify;\"><em>De la primele discu\u0163ii din ziua fatal\u0103, \u00eentre cei doi \u00eempricina\u0163i s-au petrecut lucruri pripite. Condi\u0163iile impuse de mitropolitul B\u0103lan i s-au p\u0103rut nedrepte \u015fi ultimative preotului Trifa, care \u00ee\u015fi \u00eenchipuia c\u0103, datorit\u0103 meritelor, muncii, sacrificiului \u015fi talentului desf\u0103\u015furate \u00een apostolia sa de p\u00e2n\u0103 atunci, ar avea dreptul la un alt fel de tratament din partea ierarhului s\u0103u. Astfel, luat fiind prin surprindere, \u00een primul moment preotul Trifa a avut o atitudine de prea mare \u00eendr\u0103zneal\u0103 fa\u0163\u0103 de mitropolitul s\u0103u. Aceast\u0103 atitudine a fost interpretat\u0103 ca o grav\u0103 nesupunere \u015fi respins\u0103 imediat. A urmat o \u00eentrerupere brusc\u0103 \u015fi o plecare precipitat\u0103.<\/em><\/p>\n<p style=\"text-align: justify;\"><em>Au fost de ajuns. \u00cendat\u0103 au urmat ciocniri din ce \u00een ce mai dureroase prin scris \u015fi coresponden\u0163e at\u00e2t de o parte, c\u00e2t \u015fi de alta. Superiorul \u00ee\u015fi ap\u0103ra autoritatea care \u00ee\u015fi are totdeauna dreptatea sa \u2013 iar inferiorul \u00ee\u015fi ap\u0103ra munca \u015fi jertfa, con\u015ftiin\u0163a \u015fi opera, care nu \u00eentotdeauna \u00ee\u015fi au dreptatea lor. Aceste pozi\u0163ii se ciocneau puternic c\u00e2nd direct, c\u00e2nd indirect.<\/em><\/p>\n<p style=\"text-align: justify;\"><em>Neg\u0103sindu-se momentan nici un mediator eficient, ostilit\u0103\u0163ile s-au agravat \u015fi conflictul s-a ad\u00e2ncit nepermis de mult.<\/em><\/p>\n<p style=\"text-align: justify;\"><em>Situa\u0163ia s-a \u00eenr\u0103ut\u0103\u0163it at\u00e2t de vertiginos \u015fi lucrurile au ajuns at\u00e2t de departe, \u00eenc\u00e2t, c\u00e2nd mediatorii alarma\u0163i au \u00eenceput s\u0103 intervin\u0103 mai serios, autoritatea ofensat\u0103 \u015fi pornit\u0103 nu s-a mai l\u0103sat \u00eenduplecat\u0103 de nici un argument. Toate cererile de iertare, oric\u00e2t de sincere, de repetate \u015fi de insistente au fost din partea celui ce o jignise, au fost considerate tardive \u015fi ineficiente; de\u015fi dogma fixeaz\u0103 neliminat num\u0103rul gre\u015felilor cu drept de iertare \u2013 de \u015faptezeci de ori \u015fapte \u015fi limita timpului la cinci minute \u00eenainte de moarte, ca \u00een cazul t\u00e2lharului de pe cruce \u2013 totu\u015fi lui nu i s-a mai iertat nimic \u015fi niciodat\u0103. \u015ei nu i s-a r\u0103spuns nici la cererea de iertare de pe patul mor\u0163ii sale, c\u00e2nd la ultima \u00eemp\u0103rt\u0103\u015fanie \u00een preajma mor\u0163ii a mai trimis o dat\u0103 mitropolitului B\u0103lan cererea aceasta ultim\u0103 de iertare prin preotul Aurel Nanu care fusese chemat s\u0103-l \u00eemp\u0103rt\u0103\u015feasc\u0103.<\/em><\/p>\n<p style=\"text-align: justify;\"><em> <\/em><\/p>\n<p style=\"text-align: justify;\"><em>Din primele zile ale conflictului, o dat\u0103 lucrurile pornite pe f\u0103ga\u015ful acesta, u\u015for s-au putut afla motivele, paragrafele \u015fi interpret\u0103rile necesare unei condamn\u0103ri. \u00cen doi ani, din 1935 p\u00e2n\u0103 \u00een 1937, cele trei instan\u0163e biserice\u015fti de judecat\u0103, primele dou\u0103 \u00een Sibiu, iar a treia la Bucure\u015fti, l-au g\u0103sit vinovat, vrednic de caterisire \u2013 \u015fi l-au caterisit. Dar la nici una din aceste instan\u0163e nu s\u2011a \u0163inut seama de nici una din ap\u0103r\u0103rile sale&#8230; S-a procedat dup\u0103 felul obi\u015fnuit c\u00e2nd cel tare \u00eel judec\u0103 pe cel slab. \u015ei c\u00e2nd p\u00e2r\u00e2torul este tot el \u015fi judec\u0103torul celui p\u00e2r\u00e2t de el. La ultima instan\u0163\u0103, cea a Sf. Sinod, nici m\u0103car n-a fost citat s\u0103 se prezinte. A fost condamnat f\u0103r\u0103 s\u0103 fi avut nici m\u0103car cuno\u015ftin\u0163\u0103 de data procesului s\u0103u. A aflat doar din ziare c\u0103 fusese condamnat, dup\u0103 ce procesul avusese loc.<\/em><\/p>\n<p style=\"text-align: justify;\"><em> <\/em><\/p>\n<p style=\"text-align: justify;\"><em>Totu\u015fi tot timpul c\u00e2t au durat aceste nefericite \u00eent\u00e2mpl\u0103ri, preotul Trifa \u2013 de\u015fi bolnav grav de dou\u0103 boli necru\u0163\u0103toare (tuberculoz\u0103 \u015fi cancer) care l-au chinuit aproape zece ani, suport\u00e2nd \u015fapte opera\u0163ii foarte grele, dintre care ultimele dou\u0103 nu s-au mai vindecat p\u00e2n\u0103 la moarte \u2013 n-a \u00eencetat s\u0103 \u0163in\u0103 sub un iubitor control toat\u0103 munca ce se desf\u0103\u015fura \u00een via\u0163a Oastei Domnului. Cu cuv\u00e2ntul s\u0103u scris \u015fi vorbit, cu pilda \u015fi prezen\u0163a sa, el nu a \u00eencetat s\u0103 pov\u0103\u0163uiasc\u0103 \u015fi s\u0103 \u00eendrume pe fiii s\u0103i suflete\u015fti din Oastea Domnului s\u0103 r\u0103m\u00e2n\u0103 smeri\u0163i \u015fi credincio\u015fi fii ai Bisericii \u015fi harnici supu\u015fi cet\u0103\u0163eni ai patriei noastre. Eu \u00eensumi, care am stat \u00een preajma lui aproape opt ani, p\u00e2n\u0103 \u00een clipa mor\u0163ii sale, l\u2011am auzit spun\u00e2nd sau l-am v\u0103zut scriind: \u201eFra\u0163ii mei \u015fi fiii mei, autoritatea noastr\u0103 bisericeasc\u0103 are ce are cu mine, dar nu cu voi. Cu voi nu are nimic. Voi s\u0103 nu v\u0103 cl\u0103tina\u0163i \u00eentru nimic din pricina necazurilor mele, ci s\u0103 r\u0103m\u00e2ne\u0163i supu\u015fi \u015fi credincio\u015fi fii ai sfintei noastre Biserici. Eu n-am p\u0103c\u0103tuit cu nimic nici \u00eempotriva \u00eenv\u0103\u0163\u0103turii \u015fi nici a credin\u0163ei noastre ortodoxe. Dar sunt victima nevinovat\u0103 \u015fi neputincioas\u0103 a unei necru\u0163\u0103toare r\u0103zbun\u0103ri omene\u015fti. Va veni odat\u0103 \u00eens\u0103 \u015fi vremea c\u00e2nd Dumnezeu \u015fi istoria ne va face dreptate \u015fi mie, \u015fi vou\u0103. Dar p\u00e2n\u0103 atunci at\u00e2t eu, c\u00e2t \u015fi voi trebuie s\u0103 r\u0103m\u00e2nem statornici \u015fi credincio\u015fi fii ai Bisericii \u015fi ai Patriei noastre&#8230;\u201c<\/em><\/p>\n<p style=\"text-align: justify;\"><em> <\/em><\/p>\n<p style=\"text-align: justify;\"><em>\u015ei noi, to\u0163i fiii s\u0103i suflete\u015fti, a\u015fa am r\u0103mas p\u00e2n\u0103 azi. \u015ei a\u015fa vrem s\u0103 r\u0103m\u00e2nem pe totdeauna.<\/em><\/p>\n<p style=\"text-align: justify;\"><em>\u00cen 12 septembrie 1937, doar cu c\u00e2teva luni mai \u00eenainte de moartea P\u0103rintelui Iosif Trifa, dup\u0103 un \u015fir de alte adun\u0103ri regionale preg\u0103titoare, a fost convocat un mare sfat fr\u0103\u0163esc pe \u0163ar\u0103 cu peste cinci sute de participan\u0163i, delega\u0163i ai adun\u0103rilor Oastei din \u0163ar\u0103 \u015fi str\u0103in\u0103tate, pentru a face o mare \u015fi ultim\u0103 \u00eencercare de aplanare a conflictului \u015fi de a ob\u0163ine din partea mitropolitului B\u0103lan reabilitarea P\u0103rintelui Trifa, pentru a aduce iar\u0103\u015fi lucrurile la starea fericit\u0103 de la \u00eenceput \u2013 dup\u0103 \u00een\u0163elepciunea care spune c\u0103, dac\u0103 sunt unii dintre noi care pot face gre\u015feli, trebuie neap\u0103rat s\u0103 fie al\u0163ii care s\u0103 poat\u0103 repara gre\u015felile, nefiind practic dovedite nici una dintre acuzele \u015fi presupunerile grave pentru care se produsese nenorocirea. Iar pe de alt\u0103 parte, fiind \u00eenc\u0103 proaspete toate lucrurile \u015fi cei doi \u00eempricina\u0163i \u00eenc\u0103 \u00een via\u0163\u0103, cu pu\u0163in\u0103 bun\u0103voin\u0163\u0103 nu era greu s\u0103 se refac\u0103 situa\u0163ia.<\/em><\/p>\n<p style=\"text-align: justify;\"><em>\u00cen aceast\u0103 zi de 12 septembrie 1937, preotul Iosif Trifa \u00eempreun\u0103 cu noi, cei peste cinci sute de delega\u0163i, am \u00eentocmit MO\u0162IUNEA APEL c\u0103tre mitropolitul B\u0103lan personal, declar\u00e2nd \u00een modul cel mai solemn \u015fi categoric c\u0103 suntem \u015fi \u00een\u0163elegem s\u0103 r\u0103m\u00e2nem pe totdeauna supu\u015fi \u015fi credincio\u015fi fii ai Bisericii noastre, respect\u00e2nd autoritatea \u015fi \u00eenv\u0103\u0163\u0103tura ei, dar vrem s\u0103 r\u0103m\u00e2nem tot astfel \u015fi ata\u015fa\u0163i de p\u0103rintele nostru sufletesc Iosif Trifa, care ne-a n\u0103scut pe noi la o via\u0163\u0103 nou\u0103 \u00een Hristos, convin\u015fi fiind c\u0103 el n-a gre\u015fit cu nimic \u00eempotriva credin\u0163ei noastre ortodoxe. Insistam cu to\u0163ii s\u0103 se revin\u0103 asupra nemeritatei sale sentin\u0163e de caterisire \u015fi pentru a se rea\u015feza c\u00e2t mai grabnic \u015fi mai frumos \u00een s\u00e2nul Bisericii \u015fi al Oastei Domnului armonia \u015fi colaborarea fericit\u0103 de la \u00eenceput.<\/em><\/p>\n<p style=\"text-align: justify;\"><em>\u00centruc\u00e2t s-a putut gre\u015fi totu\u015fi \u015fi din partea preotului Trifa \u00eempotriva ascult\u0103rii sale fa\u0163\u0103 de ierarhul s\u0103u, P\u0103rintele Trifa declar\u0103 repetat, at\u00e2t verbal, c\u00e2t \u015fi \u00een scris, c\u0103 este gata s\u0103 retracteze tot ce a spus sau scris gre\u015fit \u2013 cer\u00e2nd \u00een mod solemn \u015fi insistent iertarea ierarhului s\u0103u \u015fi promi\u0163\u00e2nd fiasc\u0103 \u015fi dreapt\u0103 supunere pe viitor.<\/em><\/p>\n<p style=\"text-align: justify;\"><em>Dup\u0103 redactarea \u00een scris \u015fi semnarea \u00een original a acestei MO\u0162IUNI APEL a preotului Iosif Trifa \u015fi a celor cinci sute de delega\u0163i prezen\u0163i, au fost ale\u015fi zece dintre fra\u0163ii intelectuali prezen\u0163i \u2013 avoca\u0163i, medici, profesori \u2013 \u015fi trimi\u015fi s\u0103 prezinte \u00eentr-o audien\u0163\u0103 personal\u0103 mitropolitului B\u0103lan at\u00e2t cererea scris\u0103 a celor cinci sute, c\u00e2t \u015fi cererea verbal\u0103 a lor, a celor zece, viz\u00e2nd acela\u015fi lucru.<\/em><\/p>\n<p style=\"text-align: justify;\"><em> Cinci ore au a\u015fteptat atunci cei zece delega\u0163i primirea \u00een audien\u0163\u0103 \u00een anticamera mitropolitului. \u015ei tot acele cinci ore am a\u015fteptat, preotul \u015fi noi cei cinci sute, \u00een curtea casei din Aleea Filozofilor, 18 din Sibiu, venirea lor cu un rezultat.<\/em><\/p>\n<p style=\"text-align: justify;\"><em>Dup\u0103 cele cinci ore, u\u015fa mitropolitului s-a deschis doar pentru o clip\u0103, iar din v\u00e2rful sc\u0103rilor li s-a spus un singur cuv\u00e2nt aspru:<\/em><\/p>\n<p style=\"text-align: justify;\"><em>\u2013 R\u0103zvr\u0103ti\u0163ilor!<\/em><\/p>\n<p style=\"text-align: justify;\"><em>\u015ei dup\u0103 acest cuv\u00e2nt u\u015fa li s-a \u00eenchis definitiv.<\/em><\/p>\n<p style=\"text-align: justify;\"><em>Dup\u0103 un timp, p\u0103rintele secretar a venit \u015fi le-a spus c\u0103 pot s\u0103 plece \u2013 r\u0103spunsul le va veni mai t\u00e2rziu \u00een scris.<\/em><\/p>\n<p style=\"text-align: justify;\"><em>Dar n-a mai venit niciodat\u0103.<\/em><\/p>\n<p style=\"text-align: justify;\"><em>\u00cendat\u0103 dup\u0103 aceea, toat\u0103 averea material\u0103 \u015fi familial\u0103 a preotului Trifa \u2013 tipografia, pe care o cump\u0103rase cu pre\u0163ul \u00eentregii sale averi din comuna sa natal\u0103 \u2013 a fost confiscat\u0103 \u00een folosul Mitropoliei, el r\u0103m\u00e2n\u00e2nd total s\u0103rac, f\u0103r\u0103 absolut nici un mijloc de trai, grav bolnav, f\u0103r\u0103 hran\u0103, f\u0103r\u0103 medicamente, dobor\u00e2t de cele dou\u0103 boli \u015fi zdrobit de necru\u0163\u0103toarele lovituri suflete\u015fti. R\u0103m\u0103sese doar un schelet de 33 kg, s\u00e2nger\u00e2nd din tot trupul \u00een a\u015fa fel c\u0103 aproape nu \u015ftiam de unde s\u0103-l prindem cu m\u00e2na c\u00e2nd trebuia s\u0103-l ridic\u0103m de pe patul martiriului s\u0103u, pentru a nu prinde o ran\u0103 care s\u00e2ngera, c\u00e2nd eram nevoi\u0163i s\u0103-l ridic\u0103m sau s\u0103-l mut\u0103m pentru a-l pansa ori primeni. Ce cutremura\u0163i priveam spre el c\u00e2nd \u00eel vedeam \u00een felul acesta \u015fi c\u00e2nd ne g\u00e2ndeam la to\u0163i chinuitorii lui\u2026<\/em><\/p>\n<p style=\"text-align: justify;\"><em> <\/em><\/p>\n<p style=\"text-align: justify;\"><em>R\u0103spl\u0103tit \u00een felul \u00een care am v\u0103zut, din starea aceasta, Dumnezeu l-a luat la El \u00een noaptea de 12 februarie 1938, dup\u0103 \u015faisprezece ani de trud\u0103 zdrobitoare ca gazetar \u015fi scriitor str\u0103lucit \u00een slujba Bisericii \u015fi a Neamului. \u015ei dup\u0103 dou\u0103zeci \u015fi cinci de ani de preo\u0163ie cutremur\u0103toare \u00een slujba lui Dumnezeu. L\u0103sa \u00een urma lui o oper\u0103 ortodox\u0103 \u015fi biblic\u0103 scris\u0103 cu un geniu ne\u00eentrecut, o atitudine cre\u015ftin\u0103 de cea mai str\u0103lucit\u0103 cur\u0103\u0163ie \u015fi mai ales o mare mi\u015fcare de rena\u015ftere ortodox\u0103, plin\u0103 de via\u0163\u0103 \u015fi putere, num\u0103r\u00e2nd multe sute de mii de suflete transformate prin taina poc\u0103in\u0163ei, a convertirii sfinte la o via\u0163\u0103 nou\u0103 \u015fi adev\u0103rat\u0103 \u00een Hristos, dup\u0103 \u00eenv\u0103\u0163\u0103tura Bisericii \u015fi pilda cre\u015ftinilor dint\u00e2i.<\/em><\/p>\n<p style=\"text-align: justify;\"><em>Toate aceste eterne valori el le l\u0103sa ca o avu\u0163ie ve\u015fnic\u0103 prin Biserica sa, prin neamul s\u0103u ortodoxiei \u015fi lumii.<\/em><\/p>\n<p style=\"text-align: justify;\"><em>\u00cen anul 1948, cu ocazia \u00eentocmirii \u015fi adopt\u0103rii noului \u201eStatut de Organizare \u015fi Func\u0163ionare a Bisericii Ortodoxe Rom\u00e2ne\u201c, diferitele mi\u015fc\u0103ri \u015fi asocia\u0163ii religioase care func\u0163ionaser\u0103 \u00een Biseric\u0103 dup\u0103 vechiul Statut \u2013 printre care \u015fi Oastea Domnului \u2013 au fost desfiin\u0163ate oficial.<\/em><\/p>\n<p style=\"text-align: justify;\"><em>Dar \u015fi dup\u0103 aceast\u0103 desfiin\u0163are oficial\u0103, Oastea Domnului, care era un organism viu, creat cu un scop \u015fi pentru o func\u0163ie determinat\u0103 de necesit\u0103\u0163i stringente, continua s\u0103-\u015fi exercite normal aceast\u0103 func\u0163iune pentru care \u00ee\u015fi sim\u0163ea o r\u0103spundere divin\u0103. Cele dou\u0103 mari primejdii \u00eempotriva c\u0103rora fusese ea creat\u0103 s\u0103 lupte continu\u00e2nd s\u0103 persiste \u015fi chiar s\u0103 se agraveze, era clar c\u0103 func\u0163ionarea ei era \u015fi mai necesar\u0103. De aceea ea a continuat s\u0103-\u015fi \u00eemplineasc\u0103 nobilul ei scop \u00een aceast\u0103 condi\u0163ie de ilegalitate, convins\u0103 fiind c\u0103 odat\u0103 tot se va g\u0103si cineva competent care s\u0103 vad\u0103 acest lucru \u015fi s\u0103 reabiliteze totul \u00een starea normal\u0103. \u015ei a\u015fa s-a continuat situa\u0163ia asta p\u00e2n\u0103 ast\u0103zi, indiferent de atitudinea dur\u0103 pe care au avut-o prin ace\u015fti ani cele dou\u0103 autorit\u0103\u0163i ale noastre fa\u0163\u0103 de noi.<\/em><\/p>\n<p style=\"text-align: justify;\"><em> <\/em><\/p>\n<p style=\"text-align: justify;\"><em>Acestea sunt faptele istorice reale, consemnate \u00een documentele vremii \u015fi p\u0103strate vii \u015fi treze \u00een subsoluri \u015fi \u00een cer pentru ziua c\u00e2nd vor fi chemate s\u0103 dea m\u0103rturie lui Dumnezeu pentru tot ce a fost bine sau r\u0103u, drept sau nedrept \u00een faptele noastre.<\/em><\/p>\n<p style=\"text-align: justify;\"><em>Cu testamentul vie\u0163ii \u015fi credin\u0163ei P\u0103rintelui Trifa \u00een inima \u015fi amintirea noastr\u0103, noi, copiii lui suflete\u015fti, prin to\u0163i cei cincizeci de ani trecu\u0163i de atunci, am r\u0103mas \u015fi ast\u0103zi la fel de credincio\u015fi sfintei noastre Biserici, a\u015ftept\u00e2nd \u015fi n\u0103d\u0103jduind cu t\u0103rie venirea acelei zile pe care a profe\u0163it-o el de pe patul martiriului \u015fi al mor\u0163ii sale, c\u00e2nd acest profet al Neamului nostru a spus c\u0103 Dumnezeu va aduce vremea ca Biserica s\u0103-i recunoasc\u0103 nevinov\u0103\u0163ia \u015fi s\u0103-i recunoasc\u0103 meritele, reabilit\u00e2ndu-i numele \u015fi opera sa.<\/em><\/p>\n<p style=\"text-align: justify;\"><em>Peste pu\u0163in\u0103 vreme \u2013 \u00een anul 1988 \u2013 se vor \u00eemplini o sut\u0103 de ani de la na\u015fterea sa (din 3 martie 1888) \u015fi cincizeci de ani de la moartea sa (din 12 februarie 1938). Ce moment istoric \u015fi ce prilej unic ar fi acesta pentru a se face o sf\u00e2nt\u0103 \u015fi \u00eendatorat\u0103 dreptate printr-o p\u0103rinteasc\u0103 \u015fi patriotic\u0103 hot\u0103r\u00e2re \u00een privin\u0163a asta! Fericite \u015fi pururea pomenite cu mare cinste ar r\u0103m\u00e2ne \u00een Istorie \u015fi \u00een Ve\u015fnicie numele celor care ar avea curajul \u015fi noble\u0163ea unei asemenea hot\u0103r\u00e2ri. Nu a zdrobi este adev\u0103rata putere, ci a convinge \u015fi a integra.<\/em><\/p>\n<p style=\"text-align: justify;\"><em>Prin via\u0163a \u015fi opera sa profund ortodox\u0103 \u015fi rom\u00e2neasc\u0103, preotul Iosif Trifa este un sf\u00e2nt \u015fi un geniu al Bisericii \u015fi al Neamului nostru. Orice confesiune sau popor din lume care l-ar fi avut \u00een s\u00e2nul s\u0103u s-ar fi gr\u0103bit s\u0103-l revendice, s\u0103-l integreze total \u015fi s\u0103-\u015fi \u00eensu\u015feasc\u0103 pozitiv opera \u015fi valoarea sa ca pe un patrimoniu sf\u00e2nt al Bisericii \u015fi al na\u0163iunii care l-au avut, ca pe un geniu \u015fi profet al lor.<\/em><\/p>\n<p style=\"text-align: justify;\"><em>Circul\u0103 zvonul c\u0103 o astfel de ini\u0163iativ\u0103 chiar ar urma s\u0103 o ia institu\u0163ii \u015fi persoane din str\u0103in\u0103tate cu prilejul celor dou\u0103 anivers\u0103ri care coincid \u00een acela\u015fi an \u2013 amintite mai sus.<\/em><\/p>\n<p style=\"text-align: justify;\"><em>Ce \u00een\u0163elept ar fi \u2013 dup\u0103 p\u0103rerea noastr\u0103 \u2013 dac\u0103 nu am l\u0103sa s\u0103 ne-o ia al\u0163ii \u00eenainte, m\u0103car \u00een privin\u0163a asta.<\/em><\/p>\n<p style=\"text-align: justify;\"><em>F\u0103r\u0103 \u00eendoial\u0103 c\u0103 \u00een disputa nefericit\u0103 dintre cei doi, care a generat aceast\u0103 criz\u0103 sufleteasc\u0103 \u00een care ne zbatem f\u0103r\u0103 ie\u015fire de peste cincizeci de ani, am\u00e2ndoi cei du\u015fi acum \u00een ve\u015fnicie \u015fi-au avut partea lor de gre\u015feli, mai mari ori mai mici, dup\u0103 cum, de asemenea, \u015fi-au avut fiecare \u015fi meritele sale, mai trec\u0103toare sau mai durabile. Dar dac\u0103 mitropolitului B\u0103lan pentru, desigur, mari merite fa\u0163\u0103 de Biseric\u0103 i s-au iertat \u015fi mari gre\u015feli care tot \u00eempotriva ei le-a f\u0103cut (c\u0103ci nu este om care s\u0103 fie viu \u015fi s\u0103 nu gre\u015feasc\u0103), atunci de ce s\u0103 nu se procedeze tot dup\u0103 acest drept criteriu \u015fi fa\u0163\u0103 de preotul Iosif Trifa? De ce lui s\u0103 nu i se poat\u0103 ierta ni\u015fte mici gre\u015feli, pentru ni\u015fte at\u00e2t de mari merite?<\/em><\/p>\n<p style=\"text-align: justify;\"><em>Numele mitropolitului B\u0103lan \u015fi meritele sale \u2013 desigur, mari \u2013 au r\u0103mas doar \u00een amintirea unor arhive ori institu\u0163ii, pe c\u00e2nd numele \u015fi opera preotului Iosif Trifa au ajuns de circula\u0163ie universal\u0103. Oastea Domnului are ast\u0103zi o r\u0103sp\u00e2ndire, f\u0103r\u0103 exagerare, \u00een toate continentele lumii, fiind apreciat\u0103 ca un fenomen unic al misionarismului cre\u015ftin, viu \u015fi activ, ca un vulcan fierbinte \u00een plin\u0103 erup\u0163ie, pe c\u00e2nd toate celelalte par a fi ajuns ca ni\u015fte vulcani stin\u015fi, \u00eentr\u2011un regres continuu \u015fi alarmant&#8230;<\/em><\/p>\n<p style=\"text-align: justify;\"><em> <\/em><\/p>\n<p style=\"text-align: justify;\"><em>\u00cen urm\u0103 cu treizeci de ani, din 1956 \u015fi p\u00e2n\u0103 \u00een 1958, deci dup\u0103 ce trecuser\u0103 dou\u0103zeci de ani de la izbucnirea durerosului conflict, am \u00eencercat, \u00een \u00een\u0163elegere cu fra\u0163ii, ini\u0163ierea unei ac\u0163iuni, la fel ca aceasta de acum, pentru normalizarea at\u00e2t de dorit\u0103 \u015fi de necesar\u0103, ca \u015fi azi, a situa\u0163iei Oastei Domnului \u00een Biserica noastr\u0103. Doi ani de zile am c\u0103l\u0103torit atunci, eu personal, cu memorii \u00een diferite variante, dup\u0103 cum mi se cerea, c\u00e2nd la Patriarhie, c\u00e2nd la Sf. Sinod, c\u00e2nd la Departamentul Cultelor, c\u00e2nd la diferite alte autorit\u0103\u0163i competente, cer\u00e2nd, rug\u00e2ndu-ne, st\u0103ruind s\u0103 fim asculta\u0163i \u015fi integra\u0163i \u015fi formal, cum eram \u015fi faptic, \u00een via\u0163a \u015fi Statutul Bisericii. Paragrafele noului Statut Bisericesc ne ofereau foarte bine \u00eencadrarea activit\u0103\u0163ii noastre duhovnice\u015fti \u00een sec\u0163iile misionare prev\u0103zute a func\u0163iona pe l\u00e2ng\u0103 fiecare Comitet Parohial.<\/em><\/p>\n<p style=\"text-align: justify;\"><em>Aceste Sec\u0163ii Misionare erau prev\u0103zute pentru a constitui partea activ\u0103, misionar\u0103 a parohiei \u2013 at\u00e2t de necesar\u0103 \u00een munca pe care o avea de dus prin \u00eens\u0103\u015fi ra\u0163iunea existen\u0163ei sale \u2013 comb\u0103t\u00e2nd pe cei doi du\u015fmani, viciile sociale \u015fi infiltr\u0103rile dezbin\u0103toare, \u015fi f\u0103c\u00e2nd o bun\u0103 slujb\u0103 de culturalizare \u015fi regenerare a fiilor parohiei.<\/em><\/p>\n<p style=\"text-align: justify;\"><em>Propaganda str\u0103in\u0103 vine cu tot felul de mijloace moderne de mare p\u0103trundere \u00een mase: misionarismul laic, c\u00e2ntarea religioas\u0103, cuv\u00e2ntul liber, predica liber\u0103, rug\u0103ciunea inspirat\u0103 liber\u0103, literatura religioas\u0103 laic\u0103, coruri pe voci \u015fi \u00eenso\u0163ite de instrumente, filmul religios, banda magnetic\u0103 \u015fi alte imprim\u0103ri fonice \u015fi vizuale, \u00eentruniri publice religioase \u015fi cu fiecare membru al acestei grup\u0103ri ca un misionar activ \u00een slujba cultului s\u0103u. \u00cen fa\u0163a tuturor acestora, noi, Biserica noastr\u0103, nu avem s\u0103 le opunem nimic practic. De aceea aceste grup\u0103ri au acum un at\u00e2t de mare succes \u00eempotriva noastr\u0103 peste tot.<\/em><\/p>\n<p style=\"text-align: justify;\"><em>Singur\u0103 Oastea Domnului are toate aceste mijloace care pot contracara eficient aceste infiltr\u0103ri, nu numai prin puterea harului \u015fi a tainelor date Bisericii noastre drept-credincioase, ci \u015fi prin puterea nebiruit\u0103 a adev\u0103rurilor credin\u0163ei \u015fi \u00eenv\u0103\u0163\u0103turii noastre \u00eenfl\u0103c\u0103rate de dragostea noastr\u0103 fierbinte, vie \u015fi convins\u0103 de aceste adev\u0103ruri. De aceea Oastea Domnului, bine \u015fi iubitor \u00eendrumat\u0103, cu sutele ei de mii de suflete active, de toate v\u00e2rstele \u015fi de toate treptele sociale, ar fi putut umple dintr-o dat\u0103 \u015fi fericit acest gol, oferind Bisericii, de-a gata \u015fi f\u0103r\u0103 nici o cheltuial\u0103, acest mijloc salvator.<\/em><\/p>\n<p style=\"text-align: justify;\"><em> <\/em><\/p>\n<p style=\"text-align: justify;\"><em>Dar \u00een \u015fedin\u0163a Sf. Sinod din octombrie 1958, c\u00e2nd regretatul patriarh Justinian Marina a \u00eenf\u0103\u0163i\u015fat acest memoriu al nostru adus la zi, conform ultimei \u00eendrum\u0103ri a autorit\u0103\u0163ii, solu\u0163ia propus\u0103 de noi a fost respins\u0103.<\/em><\/p>\n<p style=\"text-align: justify;\"><em> <\/em><\/p>\n<p style=\"text-align: justify;\"><em>Se \u015ftie apoi bine ce a urmat. Nenorocirea general\u0103 care s-a ab\u0103tut asupra noastr\u0103 este pe deplin cunoscut\u0103. Prin suferin\u0163ele grele \u015fi \u00eendelungi pe care le\u2011am \u00eendurat f\u0103r\u0103 s\u0103 fim \u00eentru nimic vinova\u0163i de cele ce eram acuza\u0163i, mul\u0163i dintre noi \u015fi-au pierdut avutul, s\u0103n\u0103tatea, func\u0163ia \u015fi chiar via\u0163a. Dar cu toate acestea, iat\u0103, nici unii dintre noi nu ne-am p\u0103r\u0103sit \u2013 cum am fi putut pe drept s\u0103 fim tenta\u0163i \u2013 nici credin\u0163a noastr\u0103 \u015fi nici \u0163ara. Nici m\u0103car nu ne-am pl\u00e2ns \u00een scris ori verbal la nici o personalitate sau institu\u0163ie str\u0103in\u0103. Nici n-am cerut sau primit nici un fel de ajutor ori ap\u0103rare de la al\u0163ii \u00eempotriva p\u0103rin\u0163ilor ori a conduc\u0103torilor no\u015ftri. Am a\u015fteptat Ziua fericit\u0103 a Revela\u0163iei \u015fi am dorit ca Dumnezeu s\u0103 ne-o aduc\u0103 prin ai no\u015ftri, \u015fi nu prin al\u0163ii.<\/em><\/p>\n<p style=\"text-align: justify;\"><em>Au trecut astfel treizeci de ani, dar lucrurile nu p\u0103reau a se \u00eembun\u0103t\u0103\u0163i deloc, ci dimpotriv\u0103 se \u00een\u0103spreau tot mai mult contra noastr\u0103, mai ales din partea autorit\u0103\u0163ilor clericale \u015fi \u2013 poate din pricina acestora \u2013 \u015fi din partea celorlalte autorit\u0103\u0163i. Mul\u0163i preo\u0163i spuneau tot mai des \u00een biserici, de la amvoane, c\u0103 noi, osta\u015fii Domnului, suntem \u00een prezent sectarii cei mai primejdio\u015fi pentru Biserica Ortodox\u0103 \u015fi c\u0103 lumea s\u0103 se fereasc\u0103 de noi. De\u015fi chiar \u00een multe din aceste biserici unde eram vorbi\u0163i a\u015fa de r\u0103u, aproape numai noi eram singurii \u00eenchin\u0103tori \u015fi participan\u0163i. \u00cen multe p\u0103r\u0163i din \u0163ar\u0103, p\u00e2n\u0103 \u00een ultimul timp, au avut loc procese, confisc\u0103ri, amenzi etc. \u00cen repetate r\u00e2nduri \u015fi cu pedepse de mari sume de bani, \u00eempotriva unui mare num\u0103r de osta\u015fi ai Domnului, \u00eenvinui\u0163i de huliganism, parazitism, anarhism etc. Mai mult, chiar \u015fi unii preo\u0163i, numai pentru c\u0103 participaser\u0103 la evenimente familiale ale unora dintre parohienii lor ori dintre rudenii care f\u0103ceau parte din Oastea Domnului, au fost pedepsi\u0163i drastic de c\u0103tre unii episcopi at\u00e2t canonic, c\u00e2t \u015fi \u00een alte feluri. Bine\u00een\u0163eles c\u0103 toate aceste m\u0103suri erau tenden\u0163ioase \u015fi pline de am\u0103r\u0103ciune.<\/em><\/p>\n<p style=\"text-align: justify;\"><em> <\/em><\/p>\n<p style=\"text-align: justify;\"><em>Toate aceste lucruri dureroase, ca \u015fi dorin\u0163a de a vedea odat\u0103 rezolvat\u0103 \u00een chip folositor pentru to\u0163i aceast\u0103 problem\u0103 p\u0103gubitoare tuturor, ne-a determinat s\u0103 mai facem o \u00eencercare salvatoare. Credem din toat\u0103 inima c\u0103 acum a sosit momentul istoric ca toate aceste st\u0103ri triste s\u0103 \u00eenceteze. \u015ei \u2013 dup\u0103 cum at\u00e2tea probleme, c\u00e2ndva grave, au putut s\u0103 fie remediate c\u00e2nd le-a venit vremea lor \u2013 suntem pe deplin convin\u015fi c\u0103 \u015fi acestei \u00eendelungate crize i-a sosit \u00een sf\u00e2r\u015fit \u015fi ei vremea s\u0103 fie rezolvat\u0103 pozitiv \u015fi fericit. Biserica \u015fi credin\u0163a noastr\u0103, at\u00e2t de subminate de crezuri str\u0103ine \u015fi at\u00e2t de afectate de \u00eenghe\u0163ul sufletesc \u015fi de c\u0103derea celor mai mul\u0163i dintre fiii ei, au acum poate mai mult\u0103 nevoie ca oric\u00e2nd de \u00eenviorarea \u015fi c\u0103ldura spontan\u0103 a apostolatului nostru laic \u015fi a voluntariatului nostru duhovnicesc. Patria noastr\u0103, la fel, \u00een aceste vremuri at\u00e2t de nestatornice \u015fi tulburi, are \u015fi ea nevoie tot a\u015fa de mult de munca noastr\u0103 harnic\u0103 \u015fi cinstit\u0103, de tr\u0103irea noastr\u0103 demn\u0103 \u015fi cump\u0103tat\u0103, precum \u015fi de atitudinea noastr\u0103 supus\u0103 \u015fi ascult\u0103toare de mai-marii no\u015ftri. Toate acestea, \u00een condi\u0163iile unei mai binevoitoare atitudini fa\u0163\u0103 de noi, le-am putea aduce cu mai mult\u0103 eficien\u0163\u0103 moral\u0103 \u015fi material\u0103. At\u00e2tea rele din afar\u0103 \u015fi at\u00e2tea sl\u0103biciuni din\u0103untru ne poruncesc acum mai cu t\u0103rie ca oric\u00e2nd s\u0103 trecem peste toate micile umbre ale trecutului \u015fi s\u0103 pornim acum grabnic nu numai la repararea acestor regretabile gre\u015feli, dar \u015fi mai mult la sudarea puternic\u0103 a sufletelor noastre, a tuturor celor care avem o con\u015ftiin\u0163\u0103 a credin\u0163ei \u015fi a patriei noastre, fiindc\u0103 vedem cu tot mai mare durere c\u0103 cine se desparte de prima o poate p\u0103r\u0103si cur\u00e2nd \u015fi pe cealalt\u0103&#8230;<\/em><\/p>\n<p style=\"text-align: justify;\"><em> <\/em><\/p>\n<p style=\"text-align: justify;\"><em>Pentru reglementarea real\u0103 \u015fi adev\u0103rat\u0103 a acestei probleme \u2013 \u015fi \u00een acest destul de \u00eent\u00e2rziat timp \u2013 noi credem c\u0103 ar trebui s\u0103 g\u0103sim puterea \u015fi bucuria de a face totul at\u00e2t unii, c\u00e2t \u015fi al\u0163ii. \u00cen ce ne prive\u015fte pe noi, promitem \u015fi ne rug\u0103m Domnului nostru s\u0103 ne ajute la acest lucru bun. Iar \u00een ce-i prive\u015fte pe mai-marii no\u015ftri suflete\u015fti, credem c\u0103 \u00een modul cel mai minim ar fi necesare urm\u0103toarele:<\/em><\/p>\n<p style=\"text-align: justify;\"><em>1. P\u0103rinteasca bun\u0103voin\u0163\u0103 a Sf. Sinod \u00een a aprecia c\u0103, dup\u0103 cincizeci de ani de la izbucnirea nefireasc\u0103 a conflictului dintre mitropolitul B\u0103lan \u015fi preotul Trifa din Sibiu, toate acuzele grave ridicate \u00eempotriva preotului Trifa \u015fi a crea\u0163iei sale Oastea Domnului s-au dovedit \u00een cea mai mare parte ne\u00eentemeiate. C\u0103 toat\u0103 originea \u015fi importan\u0163a acestui conflict s-au dovedit a fi tenden\u0163ios exagerate \u015fi c\u0103 \u00een mod p\u0103tima\u015f, din ambele p\u0103r\u0163i s-au \u00eempins lucrurile nepermis de departe, declan\u015f\u00e2nd o criz\u0103 sufleteasc\u0103 ad\u00e2nc dureroas\u0103 \u015fi \u00eendelungat\u0103 \u00een s\u00e2nul Bisericii noastre \u00eentre clerul ei \u015fi o mare mul\u0163ime a unora dintre cei mai credincio\u015fi fii ai s\u0103i. Criza aceasta dureaz\u0103 \u00een mod anacronic de un timp prea \u00eendelungat \u015fi p\u0103gubitor pentru noi to\u0163i. C\u0103 acum a sosit \u00een sf\u00e2r\u015fit vremea potrivit\u0103 c\u00e2nd aceast\u0103 nefireasc\u0103 situa\u0163ie s\u0103 \u00eenceteze imediat, total \u015fi definitiv, restabilindu-se situa\u0163ia de dinaintea acestui conflict, adic\u0103 armonia deplin\u0103 \u015fi fericit\u0103 \u00een\u0103untrul \u00eentregii Biserici, recoman\u00add\u00e2ndu-se at\u00e2t clerului, c\u00e2t \u015fi credincio\u015filor o cald\u0103 colaborare f\u0103r\u0103 nici o suspiciune ori r\u0103scolire jignitoare a unor gre\u015feli din trecut de vreo parte ori de alta. At\u00e2t mitropolitul B\u0103lan, c\u00e2t \u015fi preotul Trifa au mari merite fa\u0163\u0103 de Biserica noastr\u0103 \u015fi au fost am\u00e2ndoi ni\u015fte slujitori care au f\u0103cut fapte nemuritoare pentru ea. \u015ei am\u00e2ndoi au drept la toat\u0103 \u00eenalta noastr\u0103 pre\u0163uire at\u00e2t pentru numele, c\u00e2t \u015fi pentru opera lor. C\u0103 de acum \u00eenainte, at\u00e2t unii, c\u00e2t \u015fi al\u0163ii dintre noi avem datoria ca, respect\u00e2n\u00addu\u2011ne reciproc, s\u0103 colabor\u0103m din toat\u0103 inima \u015fi puterea noastr\u0103 pentru binele Bisericii noastre \u015fi al patriei noastre, deopotriv\u0103 de scumpe pentru noi to\u0163i.<\/em><\/p>\n<p style=\"text-align: justify;\"><em>Adic\u0103 exact cum era \u00eenainte de conflict.<\/em><\/p>\n<p style=\"text-align: justify;\"><em>2. P\u0103rinteasca bun\u0103voin\u0163\u0103 \u015fi apreciere a Sf. Sinod c\u0103 ace\u015fti fii ai Bisericii noastre, datorit\u0103 structurii lor suflete\u015fti, au o mai pronun\u0163at\u0103 sete \u015fi dorin\u0163\u0103 dup\u0103 o mai puternic\u0103 tr\u0103ire duhovniceasc\u0103 \u00een s\u00e2nul Bisericii noastre. Tr\u0103irea \u015fi activitatea lor s-ar putea \u00eencadra, dup\u0103 cum am mai spus, \u00een Sec\u0163iile Misionare de pe l\u00e2ng\u0103 fiecare parohie care are Oastea Domnului, sub \u00eendrumarea binevoitoare \u015fi \u00een\u0163eleapt\u0103 a preotului respectiv care ar putea primi de \u00eendat\u0103 prin ei un puternic \u015fi fericit ajutor at\u00e2t sufletesc, c\u00e2t \u015fi material pentru scopurile parohiei. Aceste sec\u0163ii, de\u015fi sunt formal prev\u0103zute acum \u00een Statutul Bisericii, \u00een realitate sunt total inexistente ca activitate \u00een parohii. Prin \u00eencorporarea \u00een\u0163eleapt\u0103 \u015fi iubitoare a osta\u015filor Domnului, ele ar c\u0103p\u0103ta dintr-o dat\u0103 via\u0163\u0103 \u015fi scop, leg\u00e2nd mai str\u00e2ns poporul de via\u0163a Bisericii \u015fi Biserica de popor.<\/em><\/p>\n<p style=\"text-align: justify;\"><em>Este vremea c\u00e2nd trebuie f\u0103cut totul spre a umple iar\u0103\u015fi bisericile goale \u015fi a-i sc\u0103pa pe fiii ab\u0103tu\u0163i din ispitele suflete\u015fti ca \u015fi din cele trupe\u015fti. Via\u0163a bisericeasc\u0103 s-ar \u00eenviora mult, iar problema adun\u0103rilor s-ar reglementa fericit prin \u0163inerea acestora \u00een biserici, la Vecernie, \u00een dup\u0103-amiezile din duminici \u015fi s\u0103rb\u0103tori, c\u00e2nd oamenii sunt liberi de la celelalte \u00eendatoriri. Aceste adun\u0103ri \u2013 cu un program alc\u0103tuit din citiri \u015fi t\u00e2lcuiri din Evanghelie, Apostolul \u015fi Cazania zilei, precum \u015fi t\u00e2lcuiri \u015fi citiri din scrierile \u015fi Vie\u0163ile Sfin\u0163ilor, cu c\u00e2nt\u0103ri \u015fi rug\u0103ciuni biserice\u015fti \u015fi laice \u00eempletite armonios, potrivit \u00eenv\u0103\u0163\u0103turii \u015fi credin\u0163ei noastre ortodoxe \u015fi sub directa \u00eendrumare binevoitoare a preotului ca p\u0103stor bun \u2013 ar alc\u0103tui o hran\u0103 substan\u0163ial\u0103 pentru fiii Bisericii, care n-ar mai fi nevoi\u0163i sau tenta\u0163i a merge \u00een alt\u0103 parte pentru aceast\u0103 hran\u0103. Nimic din toate acestea nu ar fi \u00een contradic\u0163ie cu \u00eenv\u0103\u0163\u0103tura \u015fi interesele Bisericii noastre, ci dimpotriv\u0103, numai \u00een folosul acestora. \u00cen acest fel, prin educa\u0163ia frumoas\u0103 \u015fi sus\u0163inut\u0103 ce li s-ar putea face acolo, oamenii ar putea fi mai eficient \u00eendruma\u0163i spre o via\u0163\u0103 moral\u0103, spre o munc\u0103 harnic\u0103, spre o tr\u0103ire demn\u0103 at\u00e2t \u00een familie, c\u00e2t \u015fi \u00een societate.<\/em><\/p>\n<p style=\"text-align: justify;\"><em>Adic\u0103 exact cum era \u015fi \u00eenainte de conflict.<\/em><\/p>\n<p style=\"text-align: justify;\"><em> <\/em><\/p>\n<p style=\"text-align: justify;\"><em>3. P\u0103rinteasca bun\u0103voin\u0163\u0103 a Sf. Sinod \u00een a aprecia \u015fi a permite ca, \u00een cazuri de evenimente familiale \u00eent\u00e2mplate \u00een mod obi\u015fnuit \u00eentre oameni \u2013 cum ar fi: anivers\u0103ri, cumetrii, sfe\u015ftanii, masluri, nun\u0163i, onomastici, parastase, privegheri la mort etc., la care de obicei sunt invita\u0163i \u015fi preo\u0163ii no\u015ftri \u015fi care se petrec \u00een familii \u2013 s\u0103 se recunoasc\u0103 dreptul de a participa \u00eempreun\u0103 cu familia respectiv\u0103 \u015fi altor prieteni, rudenii, cunoscu\u0163i, \u00een orice timp \u015fi num\u0103r la acest eveniment, f\u0103r\u0103 a fi considerat\u0103 aceast\u0103 participare ca ceva nepermis, nici petrecerea lor sufleteasc\u0103 adecvat\u0103 cu momentul familial ca ceva ori str\u0103in, ori r\u0103u, dac\u0103 totul se desf\u0103\u015foar\u0103 pe linia general\u0103 a credin\u0163ei \u015fi \u00eenv\u0103\u0163\u0103turii Bisericii noastre, care ne \u00eenva\u0163\u0103 ca \u201etoat\u0103 via\u0163a noastr\u0103 lui Hristos Dumnezeu s\u0103 I-o d\u0103m\u201c&#8230; \u015fi \u201etoat\u0103 ziua s\u0103 ne \u00eenv\u0103\u0163\u0103m dreptatea Ta\u201c&#8230; <\/em><\/p>\n<p style=\"text-align: justify;\"><em>Adic\u0103 \u00eentocmai cum era \u00eenainte de conflict&#8230; <\/em><\/p>\n<p style=\"text-align: justify;\"><em>Cam acestea ni se par nou\u0103 c\u0103 ar fi simplele, dar necesarele trebuin\u0163e, minimul prin care credem c\u0103 s-ar putea u\u015for rezolva problema aceasta, dac\u0103 \u00eentr-adev\u0103r se dore\u015fte acest lucru. Situa\u0163ia credem c\u0103 a avut destul timp s\u0103 se coac\u0103 \u015fi s\u0103 fie cunoscut\u0103 pe deplin sub toate aspectele ei, pentru a putea fi rezolvat\u0103 realist \u015fi concret.<\/em><\/p>\n<p style=\"text-align: justify;\"><em> <\/em><\/p>\n<p style=\"text-align: justify;\"><em>\u00cen speran\u0163a c\u0103 de data aceasta nu se va mai proceda ca \u00een celelalte nefericite cazuri din trecut \u2013 spre a nu se mai m\u0103ri r\u0103ul ori \u00eent\u00e2rzia binele, ambele fiind \u00een paguba noastr\u0103 a tuturor \u2013 ne rug\u0103m din tot sufletul nostru lui Dumnezeu, zic\u00e2nd: <\/em><\/p>\n<p style=\"text-align: justify;\"><em>Doamne \u015fi Dumnezeul credin\u0163ei noastre \u015fi al p\u0103rin\u0163ilor no\u015ftri, milostive\u015fte-Te spre noi, iart\u0103-ne nou\u0103 tuturor toate p\u0103catele noastre \u015fi iart\u0103 toate sl\u0103biciunile alor no\u015ftri, \u015fi d\u0103ruie\u015fte-ne acum puterea \u015fi lumina de care avem at\u00e2ta nevoie cu to\u0163ii \u00een acest ceas istoric, p\u00e2n\u0103 nu este prea t\u00e2rziu, pentru izb\u0103virea \u015fi lini\u015ftirea noastr\u0103 a tuturor. Amin.<\/em><\/p>\n<p style=\"text-align: justify;\"><em>\u00cen Numele Tat\u0103lui, \u015fi al Fiului, \u015fi al Sf\u00e2ntului Duh. Amin.<\/em><\/p>\n<p style=\"text-align: justify;\"><em> <\/em><\/p>\n<p style=\"text-align: justify;\"><em>Dup\u0103 S\u0103pt\u0103m\u00e2na Patimilor, la Praznicul<\/em><em> \u00cenvierii Domnului \u015fi M\u00e2ntuitorului nostru Iisus Hristos<br \/>\ndin 4 mai 1986<\/em><\/p>\n<p style=\"text-align: right;\"><em>Cu sincer\u0103 smerenie fiasc\u0103, supus fiu duhovnicesc, Traian Dorz<\/em><\/p>\n<p style=\"text-align: justify;\"><em> <\/em><\/p>\n<p style=\"text-align: justify;\"><strong><em>P.S.<\/em><\/strong><\/p>\n<p style=\"text-align: justify;\"><em>\u00cenaintez al\u0103turat un tabel con\u0163in\u00e2nd treizeci de c\u00e2nt\u0103ri religioase, potrivite pentru a fi recunoscute, aprobate \u015fi recomandate spre a fi c\u00e2ntate printre cele biserice\u015fti la diferite ocazii, cum sunt cele notate la punctul doi din acest memoriu.<\/em><\/p>\n","protected":false},"excerpt":{"rendered":"<p>Traian DORZ din \u00abISTORIA UNEI\u00a0 JERTFE\u00bb La \u00eenceputul lunii aprilie [1986], dup\u0103 \u00een\u0163elegerea luat\u0103 la Patriarhie, am b\u0103tut la u\u015fa Episcopiei de la Oradea. Am fost primit cu un z\u00e2mbet de larg\u0103 bun\u0103voin\u0163\u0103 \u015fi, dup\u0103 formula respectuoas\u0103 \u015fi obi\u015fnuit\u0103 de prezentare, am spus pe scurt Prea Sfin\u0163itului Vasile despre \u00eencheierea de la Patriarhie \u015fi despre&nbsp;<\/p>\n<p><a class=\"btn btn-style\" href=\"https:\/\/comorinemuritoare.ro\/bLOGOS\/pentru-scopul-nostru-sfant-trebuie-sa-umblam-cu-toata-curatia-insa-si-cu-toata-prevederea\/\">Continue Reading&#8230;<\/a><\/p>\n","protected":false},"author":1,"featured_media":0,"comment_status":"open","ping_status":"open","sticky":false,"template":"","format":"standard","meta":{"footnotes":""},"categories":[12],"tags":[],"class_list":["post-9587","post","type-post","status-publish","format-standard","hentry","category-mrturii"],"_links":{"self":[{"href":"https:\/\/comorinemuritoare.ro\/bLOGOS\/wp-json\/wp\/v2\/posts\/9587","targetHints":{"allow":["GET"]}}],"collection":[{"href":"https:\/\/comorinemuritoare.ro\/bLOGOS\/wp-json\/wp\/v2\/posts"}],"about":[{"href":"https:\/\/comorinemuritoare.ro\/bLOGOS\/wp-json\/wp\/v2\/types\/post"}],"author":[{"embeddable":true,"href":"https:\/\/comorinemuritoare.ro\/bLOGOS\/wp-json\/wp\/v2\/users\/1"}],"replies":[{"embeddable":true,"href":"https:\/\/comorinemuritoare.ro\/bLOGOS\/wp-json\/wp\/v2\/comments?post=9587"}],"version-history":[{"count":0,"href":"https:\/\/comorinemuritoare.ro\/bLOGOS\/wp-json\/wp\/v2\/posts\/9587\/revisions"}],"wp:attachment":[{"href":"https:\/\/comorinemuritoare.ro\/bLOGOS\/wp-json\/wp\/v2\/media?parent=9587"}],"wp:term":[{"taxonomy":"category","embeddable":true,"href":"https:\/\/comorinemuritoare.ro\/bLOGOS\/wp-json\/wp\/v2\/categories?post=9587"},{"taxonomy":"post_tag","embeddable":true,"href":"https:\/\/comorinemuritoare.ro\/bLOGOS\/wp-json\/wp\/v2\/tags?post=9587"}],"curies":[{"name":"wp","href":"https:\/\/api.w.org\/{rel}","templated":true}]}}