{"id":9867,"date":"2013-05-04T10:55:19","date_gmt":"2013-05-04T13:55:19","guid":{"rendered":"http:\/\/comorinemuritoare.ro\/bLOGOS\/?p=9867"},"modified":"2013-05-04T12:50:33","modified_gmt":"2013-05-04T15:50:33","slug":"o-invatatura-despre-inviere-scrisa-sub-puterea-unui-vis-adus-de-la-ierusalim","status":"publish","type":"post","link":"https:\/\/comorinemuritoare.ro\/bLOGOS\/o-invatatura-despre-inviere-scrisa-sub-puterea-unui-vis-adus-de-la-ierusalim\/","title":{"rendered":"O \u00ceNV\u0102\u0162\u0102TUR\u0102 DESPRE \u00ceNVIERE SCRIS\u0102 SUB PUTEREA UNUI VIS ADUS DE LA IERUSALIM"},"content":{"rendered":"<p style=\"text-align: justify;\">Preot IOSIF TRIFA, <strong>LA \u00ceNVIEREA DOMNULUI<\/strong><\/p>\n<p style=\"text-align: justify;\"><a href=\"http:\/\/comorinemuritoare.ro\/bLOGOS\/wp-content\/uploads\/2012\/04\/Inviere-22.jpg\"><img loading=\"lazy\" decoding=\"async\" class=\"alignleft size-full wp-image-9868\" title=\"Inviere-22\" alt=\"\" src=\"http:\/\/comorinemuritoare.ro\/bLOGOS\/wp-content\/uploads\/2012\/04\/Inviere-22.jpg\" width=\"373\" height=\"416\" \/><\/a>\u00cen toamna anului 1925, am fost \u00een pelerinaj la Ierusalim. Ajuns \u00een sf\u00e2nta Cetate, am avut cea mai mare bucurie \u015fi fericire din via\u0163a mea p\u0103m\u00e2nteasc\u0103; am s\u0103rutat cu lacrimi fierbin\u0163i locul unde Domnul S-a \u00eengropat pentru p\u0103catele mele \u015fi a \u00eenviat pentru via\u0163a mea \u015fi m\u00e2ntuirea mea. M-am rugat \u015fi am pl\u00e2ns \u00een acest loc cu un fior \u015fi cu o sim\u0163ire pe care nu le-am mai avut \u00een via\u0163a mea.<br \/>\nEra ziua prim\u0103 a sosirii noastre. Seara am adormit cu sufletul cople\u015fit de cele ce v\u0103zusem \u015fi sim\u0163isem \u00een Biserica Sf. Morm\u00e2nt. Atunci noaptea avusei un vis m\u0103re\u0163.<\/p>\n<p style=\"text-align: justify;\">Mi se p\u0103rea c\u0103 sunt \u00een clipele c\u00e2nd Iosif cu Nico\u00addim \u015fi mironosi\u0163ele femei \u00cel petreceau pe Domnul la morm\u00e2nt. To\u0163i pl\u00e2ngeau cu lacrimi amare, dar pl\u00e2nsul acesta era un fel de pl\u00e2ns ce \u00eentrecea toate pl\u00e2nsurile p\u0103m\u00e2ntului. Acolo, \u00een urma convoiului, m\u0103 vedeam \u015fi eu cu pl\u00e2nsul \u015fi lacrimile mele. Pl\u00e2ngeam \u015fi eu, dar \u00eentr-un fel ce \u00eentrece toate sim\u0163irile \u015fi lacrimile mele de azi. Mi se p\u0103rea c\u0103 v\u0103d distruse toate n\u0103dejdile m\u00e2ntuirii mele. M\u0103 vedeam \u015fi m\u0103 sim\u0163eam nespus de p\u0103r\u0103sit \u015fi nenorocit. O ,noapte de cumplit\u0103 dezn\u0103dejde parc\u0103 se l\u0103sa peste sufletul meu. \u00cen g\u00e2ndul meu parc\u0103 vedeam destr\u0103m\u00e2ndu-se \u015fi Oastea Domnului r\u0103mas\u0103 f\u0103r\u0103 Conduc\u0103tor. Ap\u0103sat de aceast\u0103 dezn\u0103dejde, strigam \u015fi eu: Doamne Dumnezeule, ai mil\u0103 de noi, nu ne p\u0103r\u0103si, c\u0103ci r\u0103m\u00e2nem singuri \u015fi ne biruie r\u0103ut\u0103\u0163ile\u2026<br \/>\nNe apropiam pl\u00e2ng\u00e2nd de morm\u00e2nt. Atunci mironosi\u0163ele femei, ridic\u00e2ndu-\u015fi m\u00e2inile spre cer, strigar\u0103 cu glas mare:<br \/>\n\u2013 Scoal\u0103-Te, Doamne Dumnezeule, nu ne p\u0103r\u0103si!\u2026<\/p>\n<p style=\"text-align: justify;\">\u00cen aceste clipe, fa\u0163a Domnului, istovit\u0103 de suferin\u0163e \u015fi dureri, \u00eencepu a se \u00eenviora\u2026 Ochii Lui, plini de o nespus\u0103 bun\u0103tate \u015fi dragoste, se deschiser\u0103 \u015fi, \u00eentinz\u00e2n\u00addu-\u015ei m\u00e2inile \u00een semn de binecuv\u00e2ntare, zise:<br \/>\n\u2013 Nu v\u0103 teme\u0163i. Iat\u0103, Eu cu voi sunt p\u00e2n\u0103 la sf\u00e2r\u015fitul veacurilor\u2026<!--more--><\/p>\n<p style=\"text-align: justify;\">\u00cen aceste clipe, sim\u0163ii durerea din suflet schimb\u00e2n\u00addu-se \u00eentr-o bucurie nespus de dulce. Zguduirea acestei schimb\u0103ri m\u0103 trezi din somn \u015fi puse cap\u0103t visului.<\/p>\n<p style=\"text-align: justify;\">Am mai dormit trei nop\u0163i \u00een Ierusalim, dar n-am mai avut nici un vis \u00een leg\u0103tur\u0103 cu lucrurile m\u00e2ntuirii suflete\u015fti. N-am mai avut nici de atunci \u00eencoace, cu toate c\u0103 doream acest lucru. Atunci, la \u00eenceput, n-am \u00een\u0163eles deplin acest vis. A\u015fteptam altele, mai frumoase. Dar azi \u00eemi dau seama ce \u00een\u0163eles ad\u00e2nc este \u00een visul acesta. El m\u0103 urm\u0103re\u015fte de ani de zile \u015fi, pe zi ce merge, \u00een\u0163elesul lui tot mai mare parc\u0103 se face. Un glas parc\u0103 \u00eemi spune mereu: \u201eIosife, g\u00e2nde\u015fte-te bine asupra visului ce l-ai avut \u00een Ierusalim\u201c.<\/p>\n<p style=\"text-align: justify;\">Eu v\u0103d \u00een acest vis un \u00een\u0163eles mare \u015fi pentru Praznicul \u00cenvierii Domnului.<br \/>\nBucuria \u00cenvierii nu este numai un Hristos Care a \u00eenviat a treia zi \u015fi S-a \u00een\u0103l\u0163at cu slav\u0103 la cer, unde \u015fade de\u2011a dreapta Tat\u0103lui, ci este mai ales un Hristos Care petrece cu noi. Eu simt bucuria \u00cenvierii mai ales \u00eentr-un Iisus viu, Care petrece cu mine.<\/p>\n<p style=\"text-align: justify;\">C\u00e2t timp am fost la \u015fcoal\u0103, dasc\u0103lii mi-au vorbit despre un Iisus Hristos Care a tr\u0103it pe vremea lui August \u00eemp\u0103ratul: a \u00eenv\u0103\u0163at frumos, a suferit, a murit \u015fi a \u00eenviat a treia zi \u015fi \u015fade de-a dreapta Tat\u0103lui. Mare folos sufletesc n-am avut din aceste lec\u0163ii. Acest Iisus nu era al meu. Era mai mult al istoriei; \u00cel vedeam mai mult \u00een lumina istoriei.<\/p>\n<p style=\"text-align: justify;\">Mai t\u00e2rziu mi s-a spus \u015fi mai multe lucruri despre Iisus Hristos. \u00cen Teologie am \u00eenv\u0103\u0163at pe larg, temeinic \u015fi cu \u015ftiin\u0163\u0103 despre toat\u0103 via\u0163a \u015fi \u00eenv\u0103\u0163\u0103turile lui Iisus Hristos. Dar nici din aceast\u0103 \u015fcoal\u0103 n-am ie\u015fit cu un Hristos al meu. Eu L-am aflat pe Domnul numai c\u00e2nd El \u201eS-a ar\u0103tat mie\u201c ca s\u0103 m\u0103 \u00eencredin\u0163eze c\u0103 este viu \u015fi petrece cu mine. \u00cen izbeli\u015ftile \u015fi furtunile vie\u0163ii, Domnul mi S-a ar\u0103tat mereu, \u015fi azi, \u015fi m\u00e2ine, p\u00e2n\u0103 \u00een clipa c\u00e2nd am aflat c\u0103 este viu, \u015fi am strigat: \u201eDomnul meu \u015fi Dumnezeul meu!\u201c<\/p>\n<p style=\"text-align: justify;\">Domnul mi S-a ar\u0103tat mereu \u015fi m-a \u00eencredin\u0163at mereu despre \u00eenvierea Lui, p\u00e2n\u0103 \u00een clipa c\u00e2nd am \u00een\u0163eles c\u0103 El estre un Iisus viu\u2026 C\u0103 El este un M\u00e2ntuitor al meu\u2026 C\u0103 El bate la u\u015fa inimii mele \u015fi vrea s\u0103 petreac\u0103 cu mine.<\/p>\n<p style=\"text-align: justify;\">Eu cred \u00een Domnul Iisus nu pentru c\u0103 mi se spune c\u0103 este a\u015fa \u015fi a\u015fa \u015fi c\u0103 a f\u0103cut asta \u015fi asta, ci pentru c\u0103 eu \u00eensumi am aflat c\u0103 El lucreaz\u0103 \u015fi face \u015fi azi lucruri minunate \u00een sufletul \u015fi-n via\u0163a noastr\u0103.<\/p>\n<p style=\"text-align: justify;\">Eu cred \u00een \u00cenvierea Domnului nu numai pentru dovezile ce ni le aduce Scriptura \u015fi natura, ci cred pentru c\u0103 El \u00censu\u015fi mi \u201eS-a ar\u0103tat\u201c \u015fi m-a \u00eencredin\u0163at c\u0103 este viu \u015fi lucreaz\u0103 \u00een sufletul meu. Bucuria Pa\u015ftilor pentru mine nu este numai vestea c\u0103 a \u00eenviat Domnul. Ci este mai ales un Iisus viu, Care petrece cu mine, vorbe\u015fte cu mine, Se \u00eengrije\u015fte de mine, m\u0103 sf\u0103tuie\u015fte, m\u0103 mustr\u0103, m\u0103 \u015fi bate c\u00e2nd trebuie\u2026 Un Iisus Ce are grij\u0103 de mine ca de un copil al Lui.<\/p>\n<p style=\"text-align: justify;\">Pentru mine, cuvintele Domnului: \u201eIat\u0103, Eu cu voi sunt\u2026\u201c \u00eemi sunt tot at\u00e2t de scumpe ca \u015fi \u201eHristos a \u00eenviat!\u201c Eu cred \u00eentr-un Iisus nespus de bun \u015fi de scump nu pentru c\u0103 \u00eemi spune Evanghelia acest lucru, ci pentru c\u0103 am gustat eu \u00eensumi din dulcea\u0163a \u015fi bucuriile unei vie\u0163i tr\u0103ite cu Domnul.<\/p>\n<p style=\"text-align: justify;\">Undeva am citit despre un \u00eenv\u0103\u0163at neam\u0163 c\u0103 a scris o carte \u00eentreag\u0103 despre plug \u015fi plug\u0103rie f\u0103r\u0103 s\u0103 fi v\u0103zut \u00een via\u0163a lui c\u00e2ndva vreun plug \u015fi f\u0103r\u0103 s\u0103 fi ie\u015fit c\u00e2ndva afar\u0103 pe hotar la plug. Culesese de prin c\u0103r\u0163i toate am\u0103nuntele despre plug \u015fi plug\u0103rie, scrisese tot ce trebuie despre plug, dar el nu cuno\u015ftea c\u00e2ntecul \u015fi farmecul cel special al plugului. El nu cuno\u015ftea fiorul cel pl\u0103cut ce-l are plugul \u00een r\u0103s\u0103ritul soarelui.<\/p>\n<p style=\"text-align: justify;\">Sunt at\u00e2\u0163ia \u015fi at\u00e2\u0163ia cre\u015ftini care cunosc toat\u0103 istoria \u015fi via\u0163a M\u00e2ntuitorului. \u015etiu tot anume cum S-a n\u0103scut, ce a \u00eenv\u0103\u0163at, cum a murit, dar, vai, ei nu cunosc fiorul deosebit al acestei vie\u0163i, ei nu-L cunosc pe M\u00e2ntuitorul \u015fi nu tr\u0103iesc o via\u0163\u0103 cu El. Sunt at\u00e2\u0163ia \u015fi at\u00e2\u0163ia \u00eenv\u0103\u0163a\u0163i mari \u00een \u015ftiin\u0163ele teologice. Ei \u015ftiu \u00een evreie\u015fte \u015fi grece\u015fte toate Scripturile; ei cunosc toat\u0103 istoria \u015fi filozofia Scripturilor, dar, vai, Duh nu este \u00een gura lor \u015fi \u00een predica lor. Ei nu pot mi\u015fca un suflet pentru Domnul, pentru c\u0103 nu tr\u0103iesc o via\u0163\u0103 cu Domnul, nu sunt dospi\u0163i de duhul Evangheliei.<\/p>\n<p style=\"text-align: justify;\">Eu nu cred numai \u00eentr-un Iisus Hristos Care \u015fade de-a dreapta Tat\u0103lui, ci cred mai ales \u00eentr-un Iisus care umbl\u0103 \u015fi azi pe drumuri, din sat \u00een sat, din ora\u015f \u00een ora\u015f, de la suflet la suflet. Eu cred \u00eentr-un Iisus Care bate la u\u015fa inimilor. Eu cred \u00eentr-un Iisus viu, Care bate la u\u015fa inimii tale, drag\u0103 cititorule, \u015fi cere intrare \u00een inima ta \u015fi\u2011n via\u0163a ta. Eu cred \u00eentr-un Iisus Care vrea s\u0103 fie al t\u0103u, vrea s\u0103 petreac\u0103 \u00een casa ta, vrea s\u0103 vorbeasc\u0103 cu tine, vrea s\u0103-\u0163i fie ajutor, sf\u0103tuitor, c\u00e2rmuitor, st\u0103p\u00e2n \u015fi M\u00e2ntuitor.<\/p>\n<p style=\"text-align: justify;\">Bucuria \u00cenvierii tocmai aceasta trebuie s\u0103-\u0163i fie. Din morm\u00e2ntul Golgotei, a \u00eenviat a treia zi un M\u00e2ntuitor al t\u0103u, Care vrea s\u0103 petreac\u0103 cu tine p\u00e2n\u0103 la sf\u00e2r\u015fitul vie\u0163ii tale.<\/p>\n<p style=\"text-align: justify;\">De ani de zile m\u0103 urm\u0103re\u015fte visul ce l-am avut la Ierusalim. Sub puterea acestui vis am scris aceste \u00eenv\u0103\u0163\u0103turi. Visul ce l-am avut la Ierusalim \u00eemi porunce\u015fte parc\u0103 s\u0103 strig \u00een lume cuvintele Domnului: Iat\u0103, Eu cu voi sunt, p\u00e2n\u0103 la sf\u00e2r\u015fitul veacurilor (Matei 28, 20).<\/p>\n<p style=\"text-align: justify;\">S\u0103-L primim pe El \u015fi s\u0103 tr\u0103im cu El, c\u0103ci f\u0103r\u0103 El nu putem face nimic dec\u00e2t p\u0103cate \u015fi r\u0103ut\u0103\u0163i.<\/p>\n<p style=\"text-align: justify;\">\u00cen diminea\u0163a \u00cenvierii, mironosi\u0163ele femei s-au \u00eentristat foarte afl\u00e2nd morm\u00e2ntul gol. Un \u00eenger le-a m\u00e2ng\u00e2iat cu vestea de bucurie c\u0103 Iisus a \u00eenviat. Vestea \u00eengerului este o veste scump\u0103, ce str\u0103bate \u015fi azi p\u0103m\u00e2ntul. \u00cengerul st\u0103 \u015fi azi pe marginea morm\u00e2ntului din Ierusalim \u015fi veste\u015fte tuturor c\u0103 Domnul a \u00eenviat, c\u0103 El este viu\u2026 c\u0103 El bate la u\u015fa inimii noastre \u015fi vrea s\u0103 petreac\u0103 \u00eentre noi \u015fi cu noi. S\u0103-L primim pe Domnul, c\u0103ci f\u0103r\u0103 primirea Lui, \u00cenvierea n-are nici un pre\u0163 pentru sufletul nostru.<\/p>\n<p style=\"text-align: justify;\">S\u0103-L primim pe El, c\u0103ci f\u0103r\u0103 de El nu putem face nimic dec\u00e2t p\u0103cate.<\/p>\n","protected":false},"excerpt":{"rendered":"<p>Preot IOSIF TRIFA, LA \u00ceNVIEREA DOMNULUI \u00cen toamna anului 1925, am fost \u00een pelerinaj la Ierusalim. Ajuns \u00een sf\u00e2nta Cetate, am avut cea mai mare bucurie \u015fi fericire din via\u0163a mea p\u0103m\u00e2nteasc\u0103; am s\u0103rutat cu lacrimi fierbin\u0163i locul unde Domnul S-a \u00eengropat pentru p\u0103catele mele \u015fi a \u00eenviat pentru via\u0163a mea \u015fi m\u00e2ntuirea mea. M-am&nbsp;<\/p>\n<p><a class=\"btn btn-style\" href=\"https:\/\/comorinemuritoare.ro\/bLOGOS\/o-invatatura-despre-inviere-scrisa-sub-puterea-unui-vis-adus-de-la-ierusalim\/\">Continue Reading&#8230;<\/a><\/p>\n","protected":false},"author":1,"featured_media":0,"comment_status":"open","ping_status":"open","sticky":false,"template":"","format":"standard","meta":{"footnotes":""},"categories":[34],"tags":[],"class_list":["post-9867","post","type-post","status-publish","format-standard","hentry","category-cuvinte-de-invatatura"],"_links":{"self":[{"href":"https:\/\/comorinemuritoare.ro\/bLOGOS\/wp-json\/wp\/v2\/posts\/9867","targetHints":{"allow":["GET"]}}],"collection":[{"href":"https:\/\/comorinemuritoare.ro\/bLOGOS\/wp-json\/wp\/v2\/posts"}],"about":[{"href":"https:\/\/comorinemuritoare.ro\/bLOGOS\/wp-json\/wp\/v2\/types\/post"}],"author":[{"embeddable":true,"href":"https:\/\/comorinemuritoare.ro\/bLOGOS\/wp-json\/wp\/v2\/users\/1"}],"replies":[{"embeddable":true,"href":"https:\/\/comorinemuritoare.ro\/bLOGOS\/wp-json\/wp\/v2\/comments?post=9867"}],"version-history":[{"count":0,"href":"https:\/\/comorinemuritoare.ro\/bLOGOS\/wp-json\/wp\/v2\/posts\/9867\/revisions"}],"wp:attachment":[{"href":"https:\/\/comorinemuritoare.ro\/bLOGOS\/wp-json\/wp\/v2\/media?parent=9867"}],"wp:term":[{"taxonomy":"category","embeddable":true,"href":"https:\/\/comorinemuritoare.ro\/bLOGOS\/wp-json\/wp\/v2\/categories?post=9867"},{"taxonomy":"post_tag","embeddable":true,"href":"https:\/\/comorinemuritoare.ro\/bLOGOS\/wp-json\/wp\/v2\/tags?post=9867"}],"curies":[{"name":"wp","href":"https:\/\/api.w.org\/{rel}","templated":true}]}}