{"id":9911,"date":"2026-04-18T01:03:53","date_gmt":"2026-04-18T04:03:53","guid":{"rendered":"http:\/\/comorinemuritoare.ro\/bLOGOS\/?p=9911"},"modified":"2026-04-18T15:35:08","modified_gmt":"2026-04-18T18:35:08","slug":"pentru-credinta-ta-n-hristos-2","status":"publish","type":"post","link":"https:\/\/comorinemuritoare.ro\/bLOGOS\/pentru-credinta-ta-n-hristos-2\/","title":{"rendered":"PENTRU CREDIN\u0162A TA-N HRISTOS"},"content":{"rendered":"<p><strong><em>Traian Dorz<\/em><\/strong><\/p>\n<p><a href=\"http:\/\/comorinemuritoare.ro\/bLOGOS\/wp-content\/uploads\/2012\/04\/Toma-2.jpg\"><img loading=\"lazy\" decoding=\"async\" class=\"alignright size-full wp-image-9912\" title=\"Toma-2\" src=\"http:\/\/comorinemuritoare.ro\/bLOGOS\/wp-content\/uploads\/2012\/04\/Toma-2.jpg\" alt=\"\" width=\"193\" height=\"384\" \/><\/a>Pentru credin\u0163a ta-n Hristos, vei fi salvat din moarte,<br \/>\ndar pentru necredin\u0163a ta, de Cer te vei desparte.<\/p>\n<p style=\"padding-left: 60px;\"><em>O, nu mai fi necredincios,<br \/>\nci crede grabnic \u015fi voios<br \/>\n\u015fi te va m\u00e2ntui Hristos&#8230;<\/em><\/p>\n<p>Pentru credin\u0163a lor, cei buni vedea-vor \u0162ara Vie,<br \/>\ndar pentru necredin\u0163a lor, cei r\u0103i pier pe vecie.<\/p>\n<p>Pentru credin\u0163a lor, cei drep\u0163i vor mo\u015fteni-n lumin\u0103,<br \/>\ndar pentru necredin\u0163a lor, pier cei nedrep\u0163i \u00een vin\u0103.<\/p>\n<p>Pentru credin\u0163a ta-n Iisus, iertat po\u0163i fi de toate,<br \/>\ndar pentru necredin\u0163\u0103-n veci po\u0163i r\u0103m\u00e2nea-n p\u0103cate.<\/p>\n<p>Pentru credin\u0163a ta de azi, po\u0163i fi cu Domnul m\u00e2ne,<br \/>\ndar pentru necredin\u0163a ta, po\u0163i cu satan r\u0103m\u00e2ne.<\/p>\n<p>Pentru credin\u0163a ta-n Hristos, ai slava cea mai mare,<br \/>\ndar pentru necredin\u0163a ta, gheena-ngrozitoare.<\/p>\n","protected":false},"excerpt":{"rendered":"<p>Traian Dorz Pentru credin\u0163a ta-n Hristos, vei fi salvat din moarte, dar pentru necredin\u0163a ta, de Cer te vei desparte. O, nu mai fi necredincios, ci crede grabnic \u015fi voios \u015fi te va m\u00e2ntui Hristos&#8230; Pentru credin\u0163a lor, cei buni vedea-vor \u0162ara Vie, dar pentru necredin\u0163a lor, cei r\u0103i pier pe vecie. Pentru credin\u0163a lor,&nbsp;<\/p>\n<p><a class=\"btn btn-style\" href=\"https:\/\/comorinemuritoare.ro\/bLOGOS\/pentru-credinta-ta-n-hristos-2\/\">Continue Reading&#8230;<\/a><\/p>\n","protected":false},"author":1,"featured_media":0,"comment_status":"open","ping_status":"open","sticky":false,"template":"","format":"standard","meta":{"footnotes":""},"categories":[4],"tags":[],"class_list":["post-9911","post","type-post","status-publish","format-standard","hentry","category-poezii"],"_links":{"self":[{"href":"https:\/\/comorinemuritoare.ro\/bLOGOS\/wp-json\/wp\/v2\/posts\/9911","targetHints":{"allow":["GET"]}}],"collection":[{"href":"https:\/\/comorinemuritoare.ro\/bLOGOS\/wp-json\/wp\/v2\/posts"}],"about":[{"href":"https:\/\/comorinemuritoare.ro\/bLOGOS\/wp-json\/wp\/v2\/types\/post"}],"author":[{"embeddable":true,"href":"https:\/\/comorinemuritoare.ro\/bLOGOS\/wp-json\/wp\/v2\/users\/1"}],"replies":[{"embeddable":true,"href":"https:\/\/comorinemuritoare.ro\/bLOGOS\/wp-json\/wp\/v2\/comments?post=9911"}],"version-history":[{"count":1,"href":"https:\/\/comorinemuritoare.ro\/bLOGOS\/wp-json\/wp\/v2\/posts\/9911\/revisions"}],"predecessor-version":[{"id":32542,"href":"https:\/\/comorinemuritoare.ro\/bLOGOS\/wp-json\/wp\/v2\/posts\/9911\/revisions\/32542"}],"wp:attachment":[{"href":"https:\/\/comorinemuritoare.ro\/bLOGOS\/wp-json\/wp\/v2\/media?parent=9911"}],"wp:term":[{"taxonomy":"category","embeddable":true,"href":"https:\/\/comorinemuritoare.ro\/bLOGOS\/wp-json\/wp\/v2\/categories?post=9911"},{"taxonomy":"post_tag","embeddable":true,"href":"https:\/\/comorinemuritoare.ro\/bLOGOS\/wp-json\/wp\/v2\/tags?post=9911"}],"curies":[{"name":"wp","href":"https:\/\/api.w.org\/{rel}","templated":true}]}}